{"id":3483,"date":"2019-10-20T10:44:49","date_gmt":"2019-10-20T10:44:49","guid":{"rendered":"http:\/\/osnovnaskolakrk.hr\/vrh\/?p=3483"},"modified":"2019-10-20T10:44:49","modified_gmt":"2019-10-20T10:44:49","slug":"najava-strajka-ponedjeljak-21-listopada-2019","status":"publish","type":"post","link":"http:\/\/osnovnaskolakrk.hr\/vrh\/?p=3483","title":{"rendered":"Najava \u0161trajka, ponedjeljak 21. listopada 2019."},"content":{"rendered":"\n<p> Obavje\u0161tavamo roditelje da je za ponedjeljak 21. listopada 2019. Sindikat hrvatskih u\u010ditelja najavio \u0161trajk. <\/p>\n\n\n\n<p>*<em>preuzeto s:<\/em>  <a href=\"https:\/\/osnovnaskolakrk.hr\/najava-strajka-ponedjeljak-21-listopada-2019\/#more-3931\">https:\/\/osnovnaskolakrk.hr\/najava-strajka-ponedjeljak-21-listopada-2019\/#more-3931<\/a> <\/p>\n","protected":false},"excerpt":{"rendered":"<p>Obavje\u0161tavamo roditelje da je za ponedjeljak 21. listopada 2019. Sindikat hrvatskih u\u010ditelja najavio \u0161trajk. *preuzeto s: https:\/\/osnovnaskolakrk.hr\/najava-strajka-ponedjeljak-21-listopada-2019\/#more-3931<\/p>\n","protected":false},"author":1,"featured_media":0,"comment_status":"open","ping_status":"open","sticky":false,"template":"","format":"standard","meta":[],"categories":[1],"tags":[],"_links":{"self":[{"href":"http:\/\/osnovnaskolakrk.hr\/vrh\/index.php?rest_route=\/wp\/v2\/posts\/3483"}],"collection":[{"href":"http:\/\/osnovnaskolakrk.hr\/vrh\/index.php?rest_route=\/wp\/v2\/posts"}],"about":[{"href":"http:\/\/osnovnaskolakrk.hr\/vrh\/index.php?rest_route=\/wp\/v2\/types\/post"}],"author":[{"embeddable":true,"href":"http:\/\/osnovnaskolakrk.hr\/vrh\/index.php?rest_route=\/wp\/v2\/users\/1"}],"replies":[{"embeddable":true,"href":"http:\/\/osnovnaskolakrk.hr\/vrh\/index.php?rest_route=%2Fwp%2Fv2%2Fcomments&post=3483"}],"version-history":[{"count":1,"href":"http:\/\/osnovnaskolakrk.hr\/vrh\/index.php?rest_route=\/wp\/v2\/posts\/3483\/revisions"}],"predecessor-version":[{"id":3485,"href":"http:\/\/osnovnaskolakrk.hr\/vrh\/index.php?rest_route=\/wp\/v2\/posts\/3483\/revisions\/3485"}],"wp:attachment":[{"href":"http:\/\/osnovnaskolakrk.hr\/vrh\/index.php?rest_route=%2Fwp%2Fv2%2Fmedia&parent=3483"}],"wp:term":[{"taxonomy":"category","embeddable":true,"href":"http:\/\/osnovnaskolakrk.hr\/vrh\/index.php?rest_route=%2Fwp%2Fv2%2Fcategories&post=3483"},{"taxonomy":"post_tag","embeddable":true,"href":"http:\/\/osnovnaskolakrk.hr\/vrh\/index.php?rest_route=%2Fwp%2Fv2%2Ftags&post=3483"}],"curies":[{"name":"wp","href":"https:\/\/api.w.org\/{rel}","templated":true}]}}