{"id":3489,"date":"2019-10-23T10:19:44","date_gmt":"2019-10-23T10:19:44","guid":{"rendered":"http:\/\/osnovnaskolakrk.hr\/vrh\/?p=3489"},"modified":"2019-10-23T10:19:44","modified_gmt":"2019-10-23T10:19:44","slug":"posjet-osmasa-vukovaru","status":"publish","type":"post","link":"http:\/\/osnovnaskolakrk.hr\/vrh\/?p=3489","title":{"rendered":"Posjet osma\u0161a Vukovaru"},"content":{"rendered":"\n<figure class=\"wp-block-image\"><img loading=\"lazy\" width=\"1600\" height=\"1200\" src=\"http:\/\/osnovnaskolakrk.hr\/vrh\/wp-content\/uploads\/Image-1.jpg\" alt=\"\" class=\"wp-image-3490\" srcset=\"http:\/\/osnovnaskolakrk.hr\/vrh\/wp-content\/uploads\/Image-1.jpg 1600w, http:\/\/osnovnaskolakrk.hr\/vrh\/wp-content\/uploads\/Image-1-768x576.jpg 768w, http:\/\/osnovnaskolakrk.hr\/vrh\/wp-content\/uploads\/Image-1-400x300.jpg 400w\" sizes=\"(max-width: 1600px) 100vw, 1600px\" \/><\/figure>\n\n\n\n<p>U\u010denici 8.razreda P\u0160 Vrh sudjelovali su 18. i\n19. listopada u projektu Posjet u\u010denika osmih razreda Vukovaru. Dvodnevni\nposjet Vukovaru obilje\u017eili su suosje\u0107anje i po\u0161tovanje prema vukovarskim\n\u017ertvama te nepisana, ali odlu\u010dna odluka da se ne\u0107e ponoviti. <\/p>\n\n\n\n<p>U\u010denici su sa svojom razrednicom Mirelom\nSparo\u017ei\u0107, kao i s ostalim osma\u0161ima s otoka Krka tako posjetili Muzej vu\u010dedolske\nkulture, Gradski muzej Vukovar, Memorijalno groblje, Ov\u010daru, Trpinjsku cestu,\nBorovo naselje, Vodotoranj, Bolnicu, vukovarske ulice i trgove, Dunav.<\/p>\n\n\n\n<p>Na samome kraju posjeta Vukovaru odr\u017eano je\njo\u0161 jedno predavanje i kviz u kojemu su sudjelovali i predstavnici na\u0161e \u0161kole,\nStjepan \u017du\u017ei\u0107 i Emili Depope i osvojili drugo mjesto.<\/p>\n\n\n\n<p>Ovo nije bio samo izlet, ovo je bilo za pam\u0107enje.<\/p>\n\n\n\n<figure class=\"wp-block-image\"><img loading=\"lazy\" width=\"1280\" height=\"720\" src=\"http:\/\/osnovnaskolakrk.hr\/vrh\/wp-content\/uploads\/Image-1-1.jpg\" alt=\"\" class=\"wp-image-3491\" srcset=\"http:\/\/osnovnaskolakrk.hr\/vrh\/wp-content\/uploads\/Image-1-1.jpg 1280w, http:\/\/osnovnaskolakrk.hr\/vrh\/wp-content\/uploads\/Image-1-1-768x432.jpg 768w, http:\/\/osnovnaskolakrk.hr\/vrh\/wp-content\/uploads\/Image-1-1-500x281.jpg 500w\" sizes=\"(max-width: 1280px) 100vw, 1280px\" \/><\/figure>\n","protected":false},"excerpt":{"rendered":"<p>U\u010denici 8.razreda P\u0160 Vrh sudjelovali su 18. i 19. listopada u projektu Posjet u\u010denika osmih razreda Vukovaru. Dvodnevni posjet Vukovaru obilje\u017eili su suosje\u0107anje i po\u0161tovanje prema vukovarskim \u017ertvama te nepisana, ali odlu\u010dna odluka da se ne\u0107e ponoviti. U\u010denici su sa svojom razrednicom Mirelom Sparo\u017ei\u0107, kao i s ostalim osma\u0161ima s otoka Krka tako posjetili Muzej [&hellip;]<\/p>\n","protected":false},"author":1,"featured_media":0,"comment_status":"open","ping_status":"open","sticky":false,"template":"","format":"standard","meta":[],"categories":[1],"tags":[],"_links":{"self":[{"href":"http:\/\/osnovnaskolakrk.hr\/vrh\/index.php?rest_route=\/wp\/v2\/posts\/3489"}],"collection":[{"href":"http:\/\/osnovnaskolakrk.hr\/vrh\/index.php?rest_route=\/wp\/v2\/posts"}],"about":[{"href":"http:\/\/osnovnaskolakrk.hr\/vrh\/index.php?rest_route=\/wp\/v2\/types\/post"}],"author":[{"embeddable":true,"href":"http:\/\/osnovnaskolakrk.hr\/vrh\/index.php?rest_route=\/wp\/v2\/users\/1"}],"replies":[{"embeddable":true,"href":"http:\/\/osnovnaskolakrk.hr\/vrh\/index.php?rest_route=%2Fwp%2Fv2%2Fcomments&post=3489"}],"version-history":[{"count":1,"href":"http:\/\/osnovnaskolakrk.hr\/vrh\/index.php?rest_route=\/wp\/v2\/posts\/3489\/revisions"}],"predecessor-version":[{"id":3492,"href":"http:\/\/osnovnaskolakrk.hr\/vrh\/index.php?rest_route=\/wp\/v2\/posts\/3489\/revisions\/3492"}],"wp:attachment":[{"href":"http:\/\/osnovnaskolakrk.hr\/vrh\/index.php?rest_route=%2Fwp%2Fv2%2Fmedia&parent=3489"}],"wp:term":[{"taxonomy":"category","embeddable":true,"href":"http:\/\/osnovnaskolakrk.hr\/vrh\/index.php?rest_route=%2Fwp%2Fv2%2Fcategories&post=3489"},{"taxonomy":"post_tag","embeddable":true,"href":"http:\/\/osnovnaskolakrk.hr\/vrh\/index.php?rest_route=%2Fwp%2Fv2%2Ftags&post=3489"}],"curies":[{"name":"wp","href":"https:\/\/api.w.org\/{rel}","templated":true}]}}