{"id":3500,"date":"2019-11-04T12:21:37","date_gmt":"2019-11-04T12:21:37","guid":{"rendered":"http:\/\/osnovnaskolakrk.hr\/vrh\/?p=3500"},"modified":"2019-11-04T12:21:37","modified_gmt":"2019-11-04T12:21:37","slug":"najava-strajka-5-i-6-studenoga-2019","status":"publish","type":"post","link":"http:\/\/osnovnaskolakrk.hr\/vrh\/?p=3500","title":{"rendered":"Najava \u0161trajka, 5. i 6. studenoga 2019."},"content":{"rendered":"\n<p> Obavje\u0161tavamo roditelje da je za utorak i srijedu, 5. i 6. studenoga 2019. godine, Sindikat hrvatskih u\u010ditelja najavio \u0161trajk. <\/p>\n\n\n\n<p><a href=\"https:\/\/osnovnaskolakrk.hr\/\">https:\/\/osnovnaskolakrk.hr\/<\/a><\/p>\n","protected":false},"excerpt":{"rendered":"<p>Obavje\u0161tavamo roditelje da je za utorak i srijedu, 5. i 6. studenoga 2019. godine, Sindikat hrvatskih u\u010ditelja najavio \u0161trajk. https:\/\/osnovnaskolakrk.hr\/<\/p>\n","protected":false},"author":1,"featured_media":0,"comment_status":"open","ping_status":"open","sticky":false,"template":"","format":"standard","meta":[],"categories":[1],"tags":[],"_links":{"self":[{"href":"http:\/\/osnovnaskolakrk.hr\/vrh\/index.php?rest_route=\/wp\/v2\/posts\/3500"}],"collection":[{"href":"http:\/\/osnovnaskolakrk.hr\/vrh\/index.php?rest_route=\/wp\/v2\/posts"}],"about":[{"href":"http:\/\/osnovnaskolakrk.hr\/vrh\/index.php?rest_route=\/wp\/v2\/types\/post"}],"author":[{"embeddable":true,"href":"http:\/\/osnovnaskolakrk.hr\/vrh\/index.php?rest_route=\/wp\/v2\/users\/1"}],"replies":[{"embeddable":true,"href":"http:\/\/osnovnaskolakrk.hr\/vrh\/index.php?rest_route=%2Fwp%2Fv2%2Fcomments&post=3500"}],"version-history":[{"count":1,"href":"http:\/\/osnovnaskolakrk.hr\/vrh\/index.php?rest_route=\/wp\/v2\/posts\/3500\/revisions"}],"predecessor-version":[{"id":3501,"href":"http:\/\/osnovnaskolakrk.hr\/vrh\/index.php?rest_route=\/wp\/v2\/posts\/3500\/revisions\/3501"}],"wp:attachment":[{"href":"http:\/\/osnovnaskolakrk.hr\/vrh\/index.php?rest_route=%2Fwp%2Fv2%2Fmedia&parent=3500"}],"wp:term":[{"taxonomy":"category","embeddable":true,"href":"http:\/\/osnovnaskolakrk.hr\/vrh\/index.php?rest_route=%2Fwp%2Fv2%2Fcategories&post=3500"},{"taxonomy":"post_tag","embeddable":true,"href":"http:\/\/osnovnaskolakrk.hr\/vrh\/index.php?rest_route=%2Fwp%2Fv2%2Ftags&post=3500"}],"curies":[{"name":"wp","href":"https:\/\/api.w.org\/{rel}","templated":true}]}}