{"id":3526,"date":"2019-11-19T19:41:56","date_gmt":"2019-11-19T19:41:56","guid":{"rendered":"http:\/\/osnovnaskolakrk.hr\/vrh\/?p=3526"},"modified":"2019-11-19T19:41:56","modified_gmt":"2019-11-19T19:41:56","slug":"18-studenoga-dan-sjecanja-na-zrtvu-vukovara-i-skabrnje-1991-godine-2","status":"publish","type":"post","link":"http:\/\/osnovnaskolakrk.hr\/vrh\/?p=3526","title":{"rendered":"18. studenoga &#8211; Dan sje\u0107anja na \u017ertvu Vukovara i \u0160kabrnje 1991. godine"},"content":{"rendered":"\n<p>Na dana\u0161nji dan,\nprije 28 godina, zavr\u0161ila je jedna od najstra\u0161nijih bitaka u Domovinskom ratu &#8211;\n<em>Bitka za Vukovar<\/em>. Nakon tromjese\u010dne\nherojske obrane branitelji Vukovara polo\u017eili su oru\u017eje. Bila je to jedna od\nnajve\u0107ih tragedija u novijoj hrvatskoj povijesti.<\/p>\n\n\n\n<p>Bitka za Vukovar\npo\u010dela je 24. kolovoza 1991. godine napadom biv\u0161e JNA i raznih srpskih\ndobrovolja\u010dkih paravojnih snaga na grad. Suo\u010deni s daleko nadmo\u0107nijom vojnom silom\nbranitelji grada nisu popu\u0161tali bore\u0107i se za svaku ulicu, za svaku ku\u0107u. Ipak, bez\nprave pomo\u0107i kako u ljudstvu tako i u oru\u017eju obrana je popustila i branitelji\nsu 18. studenoga bili prisiljeni obustaviti daljnju borbu. Okupatorske snage\nu\u0161le su u Vukovar i po\u010dele protjerivati Vukovarce. Samo iz vukovarske bolnice\nodvele su i zato\u010dile 261 ranjenog branitelja, civila i bolni\u010dkog djelatnika. U tromjese\u010dnom razdoblju napada na\nVukovar poginulo je oko 1.850 branitelja, oko 1.600 civila od kojih 86 djece.\nRanjeno je 2.500 osoba od kojih su 570 ostali trajni invalidi. Bez jednog ili\noba roditelja ostalo je 858 djece. U spomen na \u017ertve Vukovara Hrvatski sabor donio je 29. listopada 1999. godine Odluku\no progla\u0161enju <strong>Dana sje\u0107anja na \u017ertvu\nVukovara 1991. godine<\/strong>, kako bi se dostojanstveno i primjereno odala po\u010dast\nsvim sudionicima obrane Vukovara.<\/p>\n\n\n\n<p>Istoga dana, <strong>18. studenoga 1991. godine<\/strong>, snage JNA-e\ni pobunjeni doma\u0107i Srbi u\u0161li su u <strong>\u0160kabrnju<\/strong>,\nmalo mjesto u zadarskom zale\u0111u, te izvr\u0161ili jedan od najve\u0107ih zlo\u010dina u\nDomovinskom ratu. Tom prilikom poginula su 43 civila. <\/p>\n\n\n\n<p>Kao i pro\u0161lih, tako se i ove godine na\u0161a \u0161kola na simboli\u010dan na\u010din uklju\u010dila u obilje\u017eavanje vukovarske i \u0161kabrnja\u010dke \u017ertve. Zajedno s u\u010diteljem povijesti Tvrtkom Bo\u017ei\u0107em predstavnici svih razreda (Laura \u0160epi\u0107, 1. razred; Ela Baj\u010di\u0107, 2. razred; Sonja Kosi\u0107, 3. razred; Dorotea \u017du\u017ei\u0107, 4. razred; Ana Vnuk, 5. razred; Luka Perli\u0107, 6. razred; Lana Kri\u010dan\u010di\u0107, 7. razred i Emili Depope, 8. razred) zapalili su svije\u0107e kod sredi\u0161njeg kri\u017ea na groblju u Kosi\u0107u te u svoje osobno kao i u ime svih u\u010denika i djelatnika na\u0161e \u0161kole odali po\u010dast svim \u017ertvama Domovinskog rata. \u00a0<\/p>\n\n\n\n<ul class=\"wp-container-2 wp-block-gallery-1 wp-block-gallery columns-3 is-cropped\"><li class=\"blocks-gallery-item\"><figure><img loading=\"lazy\" width=\"4608\" height=\"3456\" src=\"http:\/\/osnovnaskolakrk.hr\/vrh\/wp-content\/uploads\/DSCN0506.jpg\" alt=\"\" data-id=\"3527\" data-link=\"http:\/\/osnovnaskolakrk.hr\/vrh\/?attachment_id=3527\" class=\"wp-image-3527\" srcset=\"http:\/\/osnovnaskolakrk.hr\/vrh\/wp-content\/uploads\/DSCN0506.jpg 4608w, http:\/\/osnovnaskolakrk.hr\/vrh\/wp-content\/uploads\/DSCN0506-768x576.jpg 768w, http:\/\/osnovnaskolakrk.hr\/vrh\/wp-content\/uploads\/DSCN0506-400x300.jpg 400w\" sizes=\"(max-width: 4608px) 100vw, 4608px\" \/><\/figure><\/li><li class=\"blocks-gallery-item\"><figure><img loading=\"lazy\" width=\"4608\" height=\"3456\" src=\"http:\/\/osnovnaskolakrk.hr\/vrh\/wp-content\/uploads\/DSCN0507.jpg\" alt=\"\" data-id=\"3528\" data-link=\"http:\/\/osnovnaskolakrk.hr\/vrh\/?attachment_id=3528\" class=\"wp-image-3528\" srcset=\"http:\/\/osnovnaskolakrk.hr\/vrh\/wp-content\/uploads\/DSCN0507.jpg 4608w, http:\/\/osnovnaskolakrk.hr\/vrh\/wp-content\/uploads\/DSCN0507-768x576.jpg 768w, http:\/\/osnovnaskolakrk.hr\/vrh\/wp-content\/uploads\/DSCN0507-400x300.jpg 400w\" sizes=\"(max-width: 4608px) 100vw, 4608px\" \/><\/figure><\/li><li class=\"blocks-gallery-item\"><figure><img loading=\"lazy\" width=\"3456\" height=\"4608\" src=\"http:\/\/osnovnaskolakrk.hr\/vrh\/wp-content\/uploads\/DSCN0508.jpg\" alt=\"\" data-id=\"3529\" data-link=\"http:\/\/osnovnaskolakrk.hr\/vrh\/?attachment_id=3529\" class=\"wp-image-3529\" srcset=\"http:\/\/osnovnaskolakrk.hr\/vrh\/wp-content\/uploads\/DSCN0508.jpg 3456w, http:\/\/osnovnaskolakrk.hr\/vrh\/wp-content\/uploads\/DSCN0508-768x1024.jpg 768w, http:\/\/osnovnaskolakrk.hr\/vrh\/wp-content\/uploads\/DSCN0508-225x300.jpg 225w\" sizes=\"(max-width: 3456px) 100vw, 3456px\" \/><\/figure><\/li><\/ul>\n","protected":false},"excerpt":{"rendered":"<p>Na dana\u0161nji dan, prije 28 godina, zavr\u0161ila je jedna od najstra\u0161nijih bitaka u Domovinskom ratu &#8211; Bitka za Vukovar. Nakon tromjese\u010dne herojske obrane branitelji Vukovara polo\u017eili su oru\u017eje. Bila je to jedna od najve\u0107ih tragedija u novijoj hrvatskoj povijesti. Bitka za Vukovar po\u010dela je 24. kolovoza 1991. godine napadom biv\u0161e JNA i raznih srpskih dobrovolja\u010dkih [&hellip;]<\/p>\n","protected":false},"author":1,"featured_media":0,"comment_status":"open","ping_status":"open","sticky":false,"template":"","format":"standard","meta":[],"categories":[1],"tags":[],"_links":{"self":[{"href":"http:\/\/osnovnaskolakrk.hr\/vrh\/index.php?rest_route=\/wp\/v2\/posts\/3526"}],"collection":[{"href":"http:\/\/osnovnaskolakrk.hr\/vrh\/index.php?rest_route=\/wp\/v2\/posts"}],"about":[{"href":"http:\/\/osnovnaskolakrk.hr\/vrh\/index.php?rest_route=\/wp\/v2\/types\/post"}],"author":[{"embeddable":true,"href":"http:\/\/osnovnaskolakrk.hr\/vrh\/index.php?rest_route=\/wp\/v2\/users\/1"}],"replies":[{"embeddable":true,"href":"http:\/\/osnovnaskolakrk.hr\/vrh\/index.php?rest_route=%2Fwp%2Fv2%2Fcomments&post=3526"}],"version-history":[{"count":1,"href":"http:\/\/osnovnaskolakrk.hr\/vrh\/index.php?rest_route=\/wp\/v2\/posts\/3526\/revisions"}],"predecessor-version":[{"id":3530,"href":"http:\/\/osnovnaskolakrk.hr\/vrh\/index.php?rest_route=\/wp\/v2\/posts\/3526\/revisions\/3530"}],"wp:attachment":[{"href":"http:\/\/osnovnaskolakrk.hr\/vrh\/index.php?rest_route=%2Fwp%2Fv2%2Fmedia&parent=3526"}],"wp:term":[{"taxonomy":"category","embeddable":true,"href":"http:\/\/osnovnaskolakrk.hr\/vrh\/index.php?rest_route=%2Fwp%2Fv2%2Fcategories&post=3526"},{"taxonomy":"post_tag","embeddable":true,"href":"http:\/\/osnovnaskolakrk.hr\/vrh\/index.php?rest_route=%2Fwp%2Fv2%2Ftags&post=3526"}],"curies":[{"name":"wp","href":"https:\/\/api.w.org\/{rel}","templated":true}]}}