{"id":3541,"date":"2019-12-02T16:08:27","date_gmt":"2019-12-02T16:08:27","guid":{"rendered":"http:\/\/osnovnaskolakrk.hr\/vrh\/?p=3541"},"modified":"2019-12-02T16:08:27","modified_gmt":"2019-12-02T16:08:27","slug":"prekid-strajka","status":"publish","type":"post","link":"http:\/\/osnovnaskolakrk.hr\/vrh\/?p=3541","title":{"rendered":"Prekid \u0161trajka"},"content":{"rendered":"\n<p>Dragi u\u010denici i roditelji!<\/p>\n\n\n\n<p>Djelatnici P\u0161 Vrh zahvaljuju vam na razumijevanju i podr\u0161ci tijekom proteklih dana. <\/p>\n\n\n\n<p>Od sutra, 3. prosinca 2019. NASTAVLJAMO SA NASTAVOM prema redovnoj satnici. <\/p>\n","protected":false},"excerpt":{"rendered":"<p>Dragi u\u010denici i roditelji! Djelatnici P\u0161 Vrh zahvaljuju vam na razumijevanju i podr\u0161ci tijekom proteklih dana. Od sutra, 3. prosinca 2019. NASTAVLJAMO SA NASTAVOM prema redovnoj satnici.<\/p>\n","protected":false},"author":1,"featured_media":0,"comment_status":"open","ping_status":"open","sticky":false,"template":"","format":"standard","meta":[],"categories":[1],"tags":[],"_links":{"self":[{"href":"http:\/\/osnovnaskolakrk.hr\/vrh\/index.php?rest_route=\/wp\/v2\/posts\/3541"}],"collection":[{"href":"http:\/\/osnovnaskolakrk.hr\/vrh\/index.php?rest_route=\/wp\/v2\/posts"}],"about":[{"href":"http:\/\/osnovnaskolakrk.hr\/vrh\/index.php?rest_route=\/wp\/v2\/types\/post"}],"author":[{"embeddable":true,"href":"http:\/\/osnovnaskolakrk.hr\/vrh\/index.php?rest_route=\/wp\/v2\/users\/1"}],"replies":[{"embeddable":true,"href":"http:\/\/osnovnaskolakrk.hr\/vrh\/index.php?rest_route=%2Fwp%2Fv2%2Fcomments&post=3541"}],"version-history":[{"count":1,"href":"http:\/\/osnovnaskolakrk.hr\/vrh\/index.php?rest_route=\/wp\/v2\/posts\/3541\/revisions"}],"predecessor-version":[{"id":3542,"href":"http:\/\/osnovnaskolakrk.hr\/vrh\/index.php?rest_route=\/wp\/v2\/posts\/3541\/revisions\/3542"}],"wp:attachment":[{"href":"http:\/\/osnovnaskolakrk.hr\/vrh\/index.php?rest_route=%2Fwp%2Fv2%2Fmedia&parent=3541"}],"wp:term":[{"taxonomy":"category","embeddable":true,"href":"http:\/\/osnovnaskolakrk.hr\/vrh\/index.php?rest_route=%2Fwp%2Fv2%2Fcategories&post=3541"},{"taxonomy":"post_tag","embeddable":true,"href":"http:\/\/osnovnaskolakrk.hr\/vrh\/index.php?rest_route=%2Fwp%2Fv2%2Ftags&post=3541"}],"curies":[{"name":"wp","href":"https:\/\/api.w.org\/{rel}","templated":true}]}}