{"id":3550,"date":"2020-02-26T15:53:38","date_gmt":"2020-02-26T15:53:38","guid":{"rendered":"http:\/\/osnovnaskolakrk.hr\/vrh\/?p=3550"},"modified":"2020-02-26T15:53:38","modified_gmt":"2020-02-26T15:53:38","slug":"radionice-u-ps-vrh-povodom-dana-ruzicastih-majica","status":"publish","type":"post","link":"http:\/\/osnovnaskolakrk.hr\/vrh\/?p=3550","title":{"rendered":"Radionice u P\u0160 Vrh povodom Dana ru\u017ei\u010dastih majica"},"content":{"rendered":"\n<div class=\"wp-block-image\"><figure class=\"aligncenter is-resized\"><img loading=\"lazy\" src=\"http:\/\/osnovnaskolakrk.hr\/vrh\/wp-content\/uploads\/IMG_8532.jpg\" alt=\"\" class=\"wp-image-3551\" width=\"374\" height=\"284\"\/><\/figure><\/div>\n\n\n\n<p>U srijedu 26. velja\u010de 2020. godine u na\u0161oj je \u0160koli obilje\u017een Dan&nbsp;ru\u017ei\u010dastih majica. Taj dan tradicionalno se obilje\u017eava od 2017., kada&nbsp;je od strane hrvatskog Sabora progla\u0161en Nacionalnim danom borbe protiv&nbsp;vr\u0161nja\u010dkog nasilja, na prijedlog Centra za edukaciju i prevenciju&nbsp;nasilja. <\/p>\n\n\n\n<p>Iako se svakodnevno dotaknemo tema kao \u0161to su nenasilje i pozitivno me\u0111usobno komuniciranje, svakako je i Dan ru\u017ei\u010dastih majica dobar povod za jo\u0161 vi\u0161e i jo\u0161 dublje osvijestiti \u0161to sve nasilje je i za\u0161to je lo\u0161e. <\/p>\n\n\n\n<p>Povodom obilje\u017eavanja, u P\u0160 VRh odr\u017eane su radionice za&nbsp;u\u010denike od 1. do 8. razreda, s ciljem osvje\u0161\u0107ivanja i prevencije&nbsp;nasilja, kao i pou\u010davanja u\u010denika po\u017eeljnim na\u010dinima reakcije na&nbsp;vr\u0161nja\u010dko nasilje. Radionice koje su odr\u017eale \u0161kolske psihologinje (Iva&nbsp;\u017du\u017ei\u0107 psihologinja pripravnica i Danijela \u0160ekuljica, psihologinja&nbsp;\u0160kole) u suradnji s u\u010diteljicama, provedene su kroz brojne aktivnosti&nbsp;i diskusiju sudionika. U\u010denici 1. i 2. razreda bavili su se osje\u0107ajima&nbsp;u sukobu, za u\u010denike 3. razreda provedene aktivnosti uklju\u010dile su&nbsp;osvje\u0161\u0107ivanje na\u0161ih reakcija u sukobu. U\u010denici 4. i 6. razreda&nbsp;zajedni\u010dki su izradili pozitivne poruke kao podr\u0161ku prevenciji&nbsp;nasilja, a za u\u010denike 5. i 8. razreda radionice su potaknule&nbsp;u\u017eivljavanje u ulogu \u017ertve\/naslnika\/promatra\u010da,kao i na\u010dine na koje&nbsp;se svaki pojedinac mo\u017ee zauzeti za sebe.<\/p>\n\n\n\n<p>Osim radionica sa \u0161kolskom psihologicom, razredni su, a tako i\npredmetni u\u010ditelji, djeci pribli\u017eili na\u010dine stvaranja&nbsp; pozitivnog \u0161kolskog okru\u017eja, s nultom\ntolerancijom na nasilje. <\/p>\n\n\n\n<p>U informati\u010dkoj se u\u010dionici poseban naglasak stavio na zlostavljanje\nputem Interneta, \u0161to je sve \u010de\u0161\u0107e u dana\u0161nje vrijeme. Djeca osnovno\u0161kolske dobi\nse tijekom svojeg odrastanja susre\u0107u s mnogim izazovima, posebice na Internetu.\nVa\u017enost je prepoznati \u0161to je dobro, a \u0161to lo\u0161e i kako se oduprijeti pritisku\nokoline. <\/p>\n\n\n\n<p>Osvijestimo sebe i svoju djecu. Komunicirajmo. Budimo primjer, budimo\npodr\u0161ka. Pomognimo bez osu\u0111ivanja. Izgradimo im samopouzdanje i poti\u010dimo ih da\nmisle svojom glavom.<\/p>\n\n\n\n<p>Ako duboko u sebi zna\u0161 da to ne\u0161to nije dobro, onda to nikako nije\ndobro. <\/p>\n\n\n\n<p>Tu smo. <\/p>\n\n\n\n<ul class=\"wp-container-2 wp-block-gallery-1 wp-block-gallery columns-3 is-cropped\"><li class=\"blocks-gallery-item\"><figure><img loading=\"lazy\" width=\"1600\" height=\"1200\" src=\"http:\/\/osnovnaskolakrk.hr\/vrh\/wp-content\/uploads\/IMG_8533.jpg\" alt=\"\" data-id=\"3552\" data-link=\"http:\/\/osnovnaskolakrk.hr\/vrh\/?attachment_id=3552\" class=\"wp-image-3552\" srcset=\"http:\/\/osnovnaskolakrk.hr\/vrh\/wp-content\/uploads\/IMG_8533.jpg 1600w, http:\/\/osnovnaskolakrk.hr\/vrh\/wp-content\/uploads\/IMG_8533-768x576.jpg 768w, http:\/\/osnovnaskolakrk.hr\/vrh\/wp-content\/uploads\/IMG_8533-400x300.jpg 400w\" sizes=\"(max-width: 1600px) 100vw, 1600px\" \/><\/figure><\/li><li class=\"blocks-gallery-item\"><figure><img loading=\"lazy\" width=\"1600\" height=\"1200\" src=\"http:\/\/osnovnaskolakrk.hr\/vrh\/wp-content\/uploads\/IMG_8534.jpg\" alt=\"\" data-id=\"3553\" data-link=\"http:\/\/osnovnaskolakrk.hr\/vrh\/?attachment_id=3553\" class=\"wp-image-3553\" srcset=\"http:\/\/osnovnaskolakrk.hr\/vrh\/wp-content\/uploads\/IMG_8534.jpg 1600w, http:\/\/osnovnaskolakrk.hr\/vrh\/wp-content\/uploads\/IMG_8534-768x576.jpg 768w, http:\/\/osnovnaskolakrk.hr\/vrh\/wp-content\/uploads\/IMG_8534-400x300.jpg 400w\" sizes=\"(max-width: 1600px) 100vw, 1600px\" \/><\/figure><\/li><li class=\"blocks-gallery-item\"><figure><img loading=\"lazy\" width=\"1200\" height=\"1600\" src=\"http:\/\/osnovnaskolakrk.hr\/vrh\/wp-content\/uploads\/IMG_8535.jpg\" alt=\"\" data-id=\"3554\" data-link=\"http:\/\/osnovnaskolakrk.hr\/vrh\/?attachment_id=3554\" class=\"wp-image-3554\" srcset=\"http:\/\/osnovnaskolakrk.hr\/vrh\/wp-content\/uploads\/IMG_8535.jpg 1200w, http:\/\/osnovnaskolakrk.hr\/vrh\/wp-content\/uploads\/IMG_8535-768x1024.jpg 768w, http:\/\/osnovnaskolakrk.hr\/vrh\/wp-content\/uploads\/IMG_8535-225x300.jpg 225w\" sizes=\"(max-width: 1200px) 100vw, 1200px\" \/><\/figure><\/li><li class=\"blocks-gallery-item\"><figure><img loading=\"lazy\" width=\"1200\" height=\"1600\" src=\"http:\/\/osnovnaskolakrk.hr\/vrh\/wp-content\/uploads\/IMG_8536.jpg\" alt=\"\" data-id=\"3555\" data-link=\"http:\/\/osnovnaskolakrk.hr\/vrh\/?attachment_id=3555\" class=\"wp-image-3555\" srcset=\"http:\/\/osnovnaskolakrk.hr\/vrh\/wp-content\/uploads\/IMG_8536.jpg 1200w, http:\/\/osnovnaskolakrk.hr\/vrh\/wp-content\/uploads\/IMG_8536-768x1024.jpg 768w, http:\/\/osnovnaskolakrk.hr\/vrh\/wp-content\/uploads\/IMG_8536-225x300.jpg 225w\" sizes=\"(max-width: 1200px) 100vw, 1200px\" \/><\/figure><\/li><li class=\"blocks-gallery-item\"><figure><img loading=\"lazy\" width=\"1600\" height=\"900\" src=\"http:\/\/osnovnaskolakrk.hr\/vrh\/wp-content\/uploads\/IMG_8537.jpg\" alt=\"\" data-id=\"3556\" data-link=\"http:\/\/osnovnaskolakrk.hr\/vrh\/?attachment_id=3556\" class=\"wp-image-3556\" srcset=\"http:\/\/osnovnaskolakrk.hr\/vrh\/wp-content\/uploads\/IMG_8537.jpg 1600w, http:\/\/osnovnaskolakrk.hr\/vrh\/wp-content\/uploads\/IMG_8537-768x432.jpg 768w, http:\/\/osnovnaskolakrk.hr\/vrh\/wp-content\/uploads\/IMG_8537-500x281.jpg 500w\" sizes=\"(max-width: 1600px) 100vw, 1600px\" \/><\/figure><\/li><li class=\"blocks-gallery-item\"><figure><img loading=\"lazy\" width=\"1600\" height=\"900\" src=\"http:\/\/osnovnaskolakrk.hr\/vrh\/wp-content\/uploads\/IMG_8538.jpg\" alt=\"\" data-id=\"3557\" data-link=\"http:\/\/osnovnaskolakrk.hr\/vrh\/?attachment_id=3557\" class=\"wp-image-3557\" srcset=\"http:\/\/osnovnaskolakrk.hr\/vrh\/wp-content\/uploads\/IMG_8538.jpg 1600w, http:\/\/osnovnaskolakrk.hr\/vrh\/wp-content\/uploads\/IMG_8538-768x432.jpg 768w, http:\/\/osnovnaskolakrk.hr\/vrh\/wp-content\/uploads\/IMG_8538-500x281.jpg 500w\" sizes=\"(max-width: 1600px) 100vw, 1600px\" \/><\/figure><\/li><li class=\"blocks-gallery-item\"><figure><img loading=\"lazy\" width=\"900\" height=\"1600\" src=\"http:\/\/osnovnaskolakrk.hr\/vrh\/wp-content\/uploads\/IMG_8539.jpg\" alt=\"\" data-id=\"3558\" data-link=\"http:\/\/osnovnaskolakrk.hr\/vrh\/?attachment_id=3558\" class=\"wp-image-3558\" srcset=\"http:\/\/osnovnaskolakrk.hr\/vrh\/wp-content\/uploads\/IMG_8539.jpg 900w, http:\/\/osnovnaskolakrk.hr\/vrh\/wp-content\/uploads\/IMG_8539-768x1365.jpg 768w, http:\/\/osnovnaskolakrk.hr\/vrh\/wp-content\/uploads\/IMG_8539-169x300.jpg 169w\" sizes=\"(max-width: 900px) 100vw, 900px\" \/><\/figure><\/li><li class=\"blocks-gallery-item\"><figure><img loading=\"lazy\" width=\"1200\" height=\"1600\" src=\"http:\/\/osnovnaskolakrk.hr\/vrh\/wp-content\/uploads\/IMG_8540.jpg\" alt=\"\" data-id=\"3559\" data-link=\"http:\/\/osnovnaskolakrk.hr\/vrh\/?attachment_id=3559\" class=\"wp-image-3559\" srcset=\"http:\/\/osnovnaskolakrk.hr\/vrh\/wp-content\/uploads\/IMG_8540.jpg 1200w, http:\/\/osnovnaskolakrk.hr\/vrh\/wp-content\/uploads\/IMG_8540-768x1024.jpg 768w, http:\/\/osnovnaskolakrk.hr\/vrh\/wp-content\/uploads\/IMG_8540-225x300.jpg 225w\" sizes=\"(max-width: 1200px) 100vw, 1200px\" \/><\/figure><\/li><li class=\"blocks-gallery-item\"><figure><img loading=\"lazy\" width=\"1600\" height=\"1200\" src=\"http:\/\/osnovnaskolakrk.hr\/vrh\/wp-content\/uploads\/IMG_8541.jpg\" alt=\"\" data-id=\"3560\" data-link=\"http:\/\/osnovnaskolakrk.hr\/vrh\/?attachment_id=3560\" class=\"wp-image-3560\" srcset=\"http:\/\/osnovnaskolakrk.hr\/vrh\/wp-content\/uploads\/IMG_8541.jpg 1600w, http:\/\/osnovnaskolakrk.hr\/vrh\/wp-content\/uploads\/IMG_8541-768x576.jpg 768w, http:\/\/osnovnaskolakrk.hr\/vrh\/wp-content\/uploads\/IMG_8541-400x300.jpg 400w\" sizes=\"(max-width: 1600px) 100vw, 1600px\" \/><\/figure><\/li><li class=\"blocks-gallery-item\"><figure><img loading=\"lazy\" width=\"1600\" height=\"1200\" src=\"http:\/\/osnovnaskolakrk.hr\/vrh\/wp-content\/uploads\/IMG_8543.jpg\" alt=\"\" data-id=\"3561\" data-link=\"http:\/\/osnovnaskolakrk.hr\/vrh\/?attachment_id=3561\" class=\"wp-image-3561\" srcset=\"http:\/\/osnovnaskolakrk.hr\/vrh\/wp-content\/uploads\/IMG_8543.jpg 1600w, http:\/\/osnovnaskolakrk.hr\/vrh\/wp-content\/uploads\/IMG_8543-768x576.jpg 768w, http:\/\/osnovnaskolakrk.hr\/vrh\/wp-content\/uploads\/IMG_8543-400x300.jpg 400w\" sizes=\"(max-width: 1600px) 100vw, 1600px\" \/><\/figure><\/li><\/ul>\n","protected":false},"excerpt":{"rendered":"<p>U srijedu 26. velja\u010de 2020. godine u na\u0161oj je \u0160koli obilje\u017een Dan&nbsp;ru\u017ei\u010dastih majica. Taj dan tradicionalno se obilje\u017eava od 2017., kada&nbsp;je od strane hrvatskog Sabora progla\u0161en Nacionalnim danom borbe protiv&nbsp;vr\u0161nja\u010dkog nasilja, na prijedlog Centra za edukaciju i prevenciju&nbsp;nasilja. Iako se svakodnevno dotaknemo tema kao \u0161to su nenasilje i pozitivno me\u0111usobno komuniciranje, svakako je i Dan [&hellip;]<\/p>\n","protected":false},"author":1,"featured_media":0,"comment_status":"open","ping_status":"open","sticky":false,"template":"","format":"standard","meta":[],"categories":[1],"tags":[],"_links":{"self":[{"href":"http:\/\/osnovnaskolakrk.hr\/vrh\/index.php?rest_route=\/wp\/v2\/posts\/3550"}],"collection":[{"href":"http:\/\/osnovnaskolakrk.hr\/vrh\/index.php?rest_route=\/wp\/v2\/posts"}],"about":[{"href":"http:\/\/osnovnaskolakrk.hr\/vrh\/index.php?rest_route=\/wp\/v2\/types\/post"}],"author":[{"embeddable":true,"href":"http:\/\/osnovnaskolakrk.hr\/vrh\/index.php?rest_route=\/wp\/v2\/users\/1"}],"replies":[{"embeddable":true,"href":"http:\/\/osnovnaskolakrk.hr\/vrh\/index.php?rest_route=%2Fwp%2Fv2%2Fcomments&post=3550"}],"version-history":[{"count":2,"href":"http:\/\/osnovnaskolakrk.hr\/vrh\/index.php?rest_route=\/wp\/v2\/posts\/3550\/revisions"}],"predecessor-version":[{"id":3563,"href":"http:\/\/osnovnaskolakrk.hr\/vrh\/index.php?rest_route=\/wp\/v2\/posts\/3550\/revisions\/3563"}],"wp:attachment":[{"href":"http:\/\/osnovnaskolakrk.hr\/vrh\/index.php?rest_route=%2Fwp%2Fv2%2Fmedia&parent=3550"}],"wp:term":[{"taxonomy":"category","embeddable":true,"href":"http:\/\/osnovnaskolakrk.hr\/vrh\/index.php?rest_route=%2Fwp%2Fv2%2Fcategories&post=3550"},{"taxonomy":"post_tag","embeddable":true,"href":"http:\/\/osnovnaskolakrk.hr\/vrh\/index.php?rest_route=%2Fwp%2Fv2%2Ftags&post=3550"}],"curies":[{"name":"wp","href":"https:\/\/api.w.org\/{rel}","templated":true}]}}