{"id":3589,"date":"2020-03-14T16:57:04","date_gmt":"2020-03-14T16:57:04","guid":{"rendered":"http:\/\/osnovnaskolakrk.hr\/vrh\/?p=3589"},"modified":"2020-03-14T16:57:04","modified_gmt":"2020-03-14T16:57:04","slug":"vazno-nastava-na-daljinu","status":"publish","type":"post","link":"http:\/\/osnovnaskolakrk.hr\/vrh\/?p=3589","title":{"rendered":"VA\u017dNO! &#8211; Nastava na daljinu"},"content":{"rendered":"\n<p><img loading=\"lazy\" width=\"300\" height=\"200\" class=\"wp-image-3590\" style=\"width: 150px;\" src=\"http:\/\/osnovnaskolakrk.hr\/vrh\/wp-content\/uploads\/on-line-nastava.jpg\" alt=\"\"><strong>Odga\u0111a se nastava u cijeloj Republici Hrvatskoj na dva tjedna.<\/strong><\/p>\n\n\n\n<p>Nastava \u0107e biti organizirana na daljinu uz pomo\u0107 informacijsko-komunikacijske tehnologije.<\/p>\n\n\n\n<p>U\u010denici koji do\u0111u u \u0161kolu, bit \u0107e zbrinuti. Prijevoz u\u010denika ne\u0107e biti organiziran.<\/p>\n\n\n\n<p>Dodatne upite i informacije mo\u017eete dobiti preko slu\u017ebenih kontakata \u0161kole.<\/p>\n\n\n\n<p><em>Ser\u0111o Sambli\u0107,<\/em><br><em>ravnatelj O\u0160 \u201cFran Krsto Frankopan\u201d Krk<\/em><\/p>\n\n\n\n<p>Raspored prikazivanja \u0161kole na TV:<\/p>\n\n\n\n<figure class=\"wp-block-image\"><img loading=\"lazy\" width=\"741\" height=\"602\" src=\"http:\/\/osnovnaskolakrk.hr\/vrh\/wp-content\/uploads\/IMG_8689.jpg\" alt=\"\" class=\"wp-image-3591\" srcset=\"http:\/\/osnovnaskolakrk.hr\/vrh\/wp-content\/uploads\/IMG_8689.jpg 741w, http:\/\/osnovnaskolakrk.hr\/vrh\/wp-content\/uploads\/IMG_8689-369x300.jpg 369w\" sizes=\"(max-width: 741px) 100vw, 741px\" \/><\/figure>\n","protected":false},"excerpt":{"rendered":"<p>Odga\u0111a se nastava u cijeloj Republici Hrvatskoj na dva tjedna. Nastava \u0107e biti organizirana na daljinu uz pomo\u0107 informacijsko-komunikacijske tehnologije. U\u010denici koji do\u0111u u \u0161kolu, bit \u0107e zbrinuti. Prijevoz u\u010denika ne\u0107e biti organiziran. Dodatne upite i informacije mo\u017eete dobiti preko slu\u017ebenih kontakata \u0161kole. Ser\u0111o Sambli\u0107,ravnatelj O\u0160 \u201cFran Krsto Frankopan\u201d Krk Raspored prikazivanja \u0161kole na TV:<\/p>\n","protected":false},"author":1,"featured_media":0,"comment_status":"open","ping_status":"open","sticky":false,"template":"","format":"standard","meta":[],"categories":[1],"tags":[],"_links":{"self":[{"href":"http:\/\/osnovnaskolakrk.hr\/vrh\/index.php?rest_route=\/wp\/v2\/posts\/3589"}],"collection":[{"href":"http:\/\/osnovnaskolakrk.hr\/vrh\/index.php?rest_route=\/wp\/v2\/posts"}],"about":[{"href":"http:\/\/osnovnaskolakrk.hr\/vrh\/index.php?rest_route=\/wp\/v2\/types\/post"}],"author":[{"embeddable":true,"href":"http:\/\/osnovnaskolakrk.hr\/vrh\/index.php?rest_route=\/wp\/v2\/users\/1"}],"replies":[{"embeddable":true,"href":"http:\/\/osnovnaskolakrk.hr\/vrh\/index.php?rest_route=%2Fwp%2Fv2%2Fcomments&post=3589"}],"version-history":[{"count":1,"href":"http:\/\/osnovnaskolakrk.hr\/vrh\/index.php?rest_route=\/wp\/v2\/posts\/3589\/revisions"}],"predecessor-version":[{"id":3592,"href":"http:\/\/osnovnaskolakrk.hr\/vrh\/index.php?rest_route=\/wp\/v2\/posts\/3589\/revisions\/3592"}],"wp:attachment":[{"href":"http:\/\/osnovnaskolakrk.hr\/vrh\/index.php?rest_route=%2Fwp%2Fv2%2Fmedia&parent=3589"}],"wp:term":[{"taxonomy":"category","embeddable":true,"href":"http:\/\/osnovnaskolakrk.hr\/vrh\/index.php?rest_route=%2Fwp%2Fv2%2Fcategories&post=3589"},{"taxonomy":"post_tag","embeddable":true,"href":"http:\/\/osnovnaskolakrk.hr\/vrh\/index.php?rest_route=%2Fwp%2Fv2%2Ftags&post=3589"}],"curies":[{"name":"wp","href":"https:\/\/api.w.org\/{rel}","templated":true}]}}