{"id":3596,"date":"2020-03-15T17:03:26","date_gmt":"2020-03-15T17:03:26","guid":{"rendered":"http:\/\/osnovnaskolakrk.hr\/vrh\/?p=3596"},"modified":"2020-03-15T17:03:26","modified_gmt":"2020-03-15T17:03:26","slug":"izvodenje-nastave-na-daljinu-prakticne-upute","status":"publish","type":"post","link":"http:\/\/osnovnaskolakrk.hr\/vrh\/?p=3596","title":{"rendered":"Izvo\u0111enje nastave na daljinu \u2013 prakti\u010dne upute"},"content":{"rendered":"\n<p>Dragi u\u010denici i roditelji,<\/p>\n\n\n\n<p>sigurno ste putem medija ovog vikenda \u010duli mnoge informacije vezane uz izvo\u0111enje nastave na daljinu tijekom sljede\u0107a dva tjedna, no ovdje vam ih donosimo na jednom mjestu.<\/p>\n\n\n\n<p>Svi \u0107e razredi mo\u0107i pratiti nastavu na tv programu po sljede\u0107em rasporedu:<\/p>\n\n\n\n<div class=\"wp-block-image\"><figure class=\"aligncenter\"><img src=\"http:\/\/osnovnaskolakrk.hr\/vrbnik\/wp-content\/uploads\/2020\/03\/TV-%C5%A0KOLA.png\" alt=\"\" class=\"wp-image-6495\"\/><\/figure><\/div>\n\n\n\n<p>Na stranici Ministarstva znanosti i obrazovanja mo\u017eete vidjeti raspored predavanja s poveznicama na YouTube kanal. Sadr\u017eaj se nalazi&nbsp;<a href=\"https:\/\/mzo.gov.hr\/vijesti\/nastava-na-daljinu-raspored\/3597\">OVDJE<\/a>.<\/p>\n\n\n\n<p>Nadalje, svi su u\u010denici predmetne nastave povezani virtualno sa svojim razredima i u\u010diteljima. U\u010ditelji \u0107e provoditi nastavu uz pomo\u0107 raznih digitalnih alata, a u\u010denici imaju obavezu izvr\u0161avati svoje zadatke kao i u redovnoj nastavi i sve u dogovoru sa u\u010diteljima.<\/p>\n\n\n\n<p>Roditelji, podr\u017eite i pratite svoju djecu i pratite web stranicu \u0161kole na kojoj \u0107e pravovremeno objavljivati sve eventualne novosti i upute.<\/p>\n\n\n\n<p><strong>Pravila lijepog i primjerenog pona\u0161anja u virtualnom okru\u017eenju vrijede kao i za pona\u0161anje u u\u010dionici.<\/strong>&nbsp;U\u010ditelji, ali i djelatnici Carneta pratit \u0107e objave pa prenosimo napomenu ministrice Divjak da \u201cu\u010denici za neprimjerene oblike pona\u0161anja mogu snositi posljedice\u201d.<\/p>\n\n\n\n<p>Budu\u0107i da \u0107e se izrazito velik broj korisnika (ne samo u Hrvatskoj) koristiti istim platformama molimo vas za strpljenje ukoliko bude dolazilo do problema pri logiranju ili sli\u010dno.<\/p>\n\n\n\n<p>va\u0161i u\u010ditelji<\/p>\n","protected":false},"excerpt":{"rendered":"<p>Dragi u\u010denici i roditelji, sigurno ste putem medija ovog vikenda \u010duli mnoge informacije vezane uz izvo\u0111enje nastave na daljinu tijekom sljede\u0107a dva tjedna, no ovdje vam ih donosimo na jednom mjestu. Svi \u0107e razredi mo\u0107i pratiti nastavu na tv programu po sljede\u0107em rasporedu: Na stranici Ministarstva znanosti i obrazovanja mo\u017eete vidjeti raspored predavanja s poveznicama [&hellip;]<\/p>\n","protected":false},"author":1,"featured_media":0,"comment_status":"open","ping_status":"open","sticky":false,"template":"","format":"standard","meta":[],"categories":[1],"tags":[],"_links":{"self":[{"href":"http:\/\/osnovnaskolakrk.hr\/vrh\/index.php?rest_route=\/wp\/v2\/posts\/3596"}],"collection":[{"href":"http:\/\/osnovnaskolakrk.hr\/vrh\/index.php?rest_route=\/wp\/v2\/posts"}],"about":[{"href":"http:\/\/osnovnaskolakrk.hr\/vrh\/index.php?rest_route=\/wp\/v2\/types\/post"}],"author":[{"embeddable":true,"href":"http:\/\/osnovnaskolakrk.hr\/vrh\/index.php?rest_route=\/wp\/v2\/users\/1"}],"replies":[{"embeddable":true,"href":"http:\/\/osnovnaskolakrk.hr\/vrh\/index.php?rest_route=%2Fwp%2Fv2%2Fcomments&post=3596"}],"version-history":[{"count":1,"href":"http:\/\/osnovnaskolakrk.hr\/vrh\/index.php?rest_route=\/wp\/v2\/posts\/3596\/revisions"}],"predecessor-version":[{"id":3597,"href":"http:\/\/osnovnaskolakrk.hr\/vrh\/index.php?rest_route=\/wp\/v2\/posts\/3596\/revisions\/3597"}],"wp:attachment":[{"href":"http:\/\/osnovnaskolakrk.hr\/vrh\/index.php?rest_route=%2Fwp%2Fv2%2Fmedia&parent=3596"}],"wp:term":[{"taxonomy":"category","embeddable":true,"href":"http:\/\/osnovnaskolakrk.hr\/vrh\/index.php?rest_route=%2Fwp%2Fv2%2Fcategories&post=3596"},{"taxonomy":"post_tag","embeddable":true,"href":"http:\/\/osnovnaskolakrk.hr\/vrh\/index.php?rest_route=%2Fwp%2Fv2%2Ftags&post=3596"}],"curies":[{"name":"wp","href":"https:\/\/api.w.org\/{rel}","templated":true}]}}