{"id":3653,"date":"2020-07-06T07:08:43","date_gmt":"2020-07-06T07:08:43","guid":{"rendered":"http:\/\/osnovnaskolakrk.hr\/vrh\/?p=3653"},"modified":"2020-07-06T07:08:43","modified_gmt":"2020-07-06T07:08:43","slug":"8-razred-2019-2020","status":"publish","type":"post","link":"http:\/\/osnovnaskolakrk.hr\/vrh\/?p=3653","title":{"rendered":"8. razred 2019.\/2020."},"content":{"rendered":"\n<p>Rije\u010d razrednice <\/p>\n\n\n\n<p class=\"has-text-align-center\">Dragi moji osma\u0161i,<\/p>\n\n\n\n<p>evo nas na samome kraju ove najneobi\u010dnije\n\u0161kolske godine ikad. Nije nam dala \u010dak ni provesti uobi\u010dajenu sve\u010danu zavr\u0161nu\npriredbu! Ali uvijek treba gledati s one bolje strane, pa ako je tako, neka\node!<\/p>\n\n\n\n<p>Bili ste mi dobri. Znali smo se na\u0161aliti i\nnasmijati, ali i ozbiljno razgovarati i dogovarati. Satovi razredne zajednice\nznali su izgledati kao obiteljski\u2026 Sve&nbsp;\nnas je to na neki na\u010din povezalo. <\/p>\n\n\n\n<p>Voljeli smo izlete i dobru hranu. U\u017eivali\nsmo u dogovaranju o tome \u0161to \u0107emo jesti. Izleti su, slo\u017eit \u0107ete se, bili\nizvrsni: Brijuni, Zadar, Karlovac, Slavonija, \u0160ibenik, Split, Knin, Sinj, Krka\u2026\nne znam gdje je bilo ljep\u0161e.<\/p>\n\n\n\n<p>Va\u0161i roditelji uvijek su vam pru\u017eali\npodr\u0161ku, \u0161to je itekako va\u017eno i vrijedno. Vjerujem da \u0107e tako nastaviti na\ncijelom va\u0161em \u017eivotnom putu i zato im na tome budite zahvalni. <\/p>\n\n\n\n<p>Upi\u0161ite \u0161kolu koju zaista \u017eelite jer i sami\nznate, mada mo\u017eda niste toga svjesni, da \u0107e vam ona odrediti tijek \u017eivota. Nije\nsvejedno ho\u0107ete li na posao i\u0107i veseli ili s gr\u010dem u \u017eeludcu. Zato pametan i\niskren izbor va\u017ena je stvar. <\/p>\n\n\n\n<p>Nadam se da \u0107e vas u \u017eivotu pratiti sre\u0107a\njer ponekad uz najve\u0107i trud, a bez sre\u0107e, uspjeh mo\u017ee izostati.<\/p>\n\n\n\n<p>\u010cestitam vam na zavr\u0161etku osnovne \u0161kole te\nse nadam i \u017eelim da uspijete u svemu \u0161to \u017eelite, da ostvarite svoje snove!<\/p>\n\n\n\n<p>Va\u0161a razrednica i u\u010diteljica Hrvatskoga\njezika <\/p>\n\n\n\n<p>Mirela Sparo\u017ei\u0107<\/p>\n\n\n\n<figure class=\"wp-block-embed-youtube wp-block-embed is-type-video is-provider-youtube wp-embed-aspect-16-9 wp-has-aspect-ratio\"><div class=\"wp-block-embed__wrapper\">\n<iframe loading=\"lazy\" title=\"OSMA\u0160I lek gotovo\" width=\"625\" height=\"352\" src=\"https:\/\/www.youtube.com\/embed\/WjwDnJdtLQ0?feature=oembed\" frameborder=\"0\" allow=\"accelerometer; autoplay; clipboard-write; encrypted-media; gyroscope; picture-in-picture\" allowfullscreen><\/iframe>\n<\/div><\/figure>\n","protected":false},"excerpt":{"rendered":"<p>Rije\u010d razrednice Dragi moji osma\u0161i, evo nas na samome kraju ove najneobi\u010dnije \u0161kolske godine ikad. Nije nam dala \u010dak ni provesti uobi\u010dajenu sve\u010danu zavr\u0161nu priredbu! Ali uvijek treba gledati s one bolje strane, pa ako je tako, neka ode! Bili ste mi dobri. Znali smo se na\u0161aliti i nasmijati, ali i ozbiljno razgovarati i dogovarati. [&hellip;]<\/p>\n","protected":false},"author":1,"featured_media":0,"comment_status":"open","ping_status":"open","sticky":false,"template":"","format":"standard","meta":[],"categories":[1],"tags":[],"_links":{"self":[{"href":"http:\/\/osnovnaskolakrk.hr\/vrh\/index.php?rest_route=\/wp\/v2\/posts\/3653"}],"collection":[{"href":"http:\/\/osnovnaskolakrk.hr\/vrh\/index.php?rest_route=\/wp\/v2\/posts"}],"about":[{"href":"http:\/\/osnovnaskolakrk.hr\/vrh\/index.php?rest_route=\/wp\/v2\/types\/post"}],"author":[{"embeddable":true,"href":"http:\/\/osnovnaskolakrk.hr\/vrh\/index.php?rest_route=\/wp\/v2\/users\/1"}],"replies":[{"embeddable":true,"href":"http:\/\/osnovnaskolakrk.hr\/vrh\/index.php?rest_route=%2Fwp%2Fv2%2Fcomments&post=3653"}],"version-history":[{"count":1,"href":"http:\/\/osnovnaskolakrk.hr\/vrh\/index.php?rest_route=\/wp\/v2\/posts\/3653\/revisions"}],"predecessor-version":[{"id":3654,"href":"http:\/\/osnovnaskolakrk.hr\/vrh\/index.php?rest_route=\/wp\/v2\/posts\/3653\/revisions\/3654"}],"wp:attachment":[{"href":"http:\/\/osnovnaskolakrk.hr\/vrh\/index.php?rest_route=%2Fwp%2Fv2%2Fmedia&parent=3653"}],"wp:term":[{"taxonomy":"category","embeddable":true,"href":"http:\/\/osnovnaskolakrk.hr\/vrh\/index.php?rest_route=%2Fwp%2Fv2%2Fcategories&post=3653"},{"taxonomy":"post_tag","embeddable":true,"href":"http:\/\/osnovnaskolakrk.hr\/vrh\/index.php?rest_route=%2Fwp%2Fv2%2Ftags&post=3653"}],"curies":[{"name":"wp","href":"https:\/\/api.w.org\/{rel}","templated":true}]}}