{"id":3660,"date":"2020-09-03T13:14:34","date_gmt":"2020-09-03T13:14:34","guid":{"rendered":"http:\/\/osnovnaskolakrk.hr\/vrh\/?p=3660"},"modified":"2020-09-03T13:14:34","modified_gmt":"2020-09-03T13:14:34","slug":"pocetak-nastavne-godine-2020-2021","status":"publish","type":"post","link":"http:\/\/osnovnaskolakrk.hr\/vrh\/?p=3660","title":{"rendered":"PO\u010cETAK NASTAVNE GODINE 2020.\/2021."},"content":{"rendered":"\n<p>Dragi u\u010denici, po\u0161tovani roditelji!<br><\/p>\n\n\n\n<p>Na po\u010detku smo jo\u0161 jedne vrlo izazovne godine, u kojoj, osim usvajanja znanja i stjecanja novih vje\u0161tina te dru\u017eenja s prijateljima, tako\u0111er treba misliti i na \u010duvanje svojega i tu\u0111eg zdravlja.<\/p>\n\n\n\n<p>Stoga, evo obavijesti o organizaciji nastave i pravilima pona\u0161anja u\u010denika i u\u010ditelja u \u0161koli:<br><\/p>\n\n\n\n<p>Svi \u0107e u\u010denici od 1. do 8. razreda imati svoju u\u010dionicu, dok \u0107e se nastavnici&nbsp; &#8220;seliti&#8221; od razreda do razreda. Svaki \u0107e u\u010denik sjediti sam u klupi. Nastava \u0107e se organizirati u blok satovima \u0161to je vi\u0161e mogu\u0107e, kako bi u\u010denici u jednom danu imali \u0161to manje predmeta i kontaktirali \u0161to manje u\u010ditelja.<\/p>\n\n\n\n<p>Tako\u0111er se svi trebaju pridr\u017eavati epidemiolo\u0161kih mjera,&nbsp; \u0161to zna\u010di koristiti maskicu za usta i nos, posebno u autobusu, prilikom ulaza i izlaza iz \u0161kole te u pojedinim situacijama kada se ne mo\u017ee osigurati preporu\u010deni razmak od 1.5 metra.&nbsp;<\/p>\n\n\n\n<p>Epidemiolozi su naglasili da se djeca jednog razreda ne mije\u0161aju s djecom ostalih razreda te \u0107e se stoga u\u010denici prilikom dolaska pred \u0161kolu razvrstati u kolone po razredima i \u010dekati u\u010ditelja koji im taj dan predaje prvi sat da do\u0111e po njih te zajedno u\u0111u u \u0161kolu. Na ulazu \u0107e dezinficirati ruke i obu\u0107u. Isto tako, u\u010ditelj koji&nbsp; im predaje zadnji sat, ispratit \u0107e ih do izlaza \u0161kole.<\/p>\n\n\n\n<p>Marende \u0107e se nositi u u\u010dionicu pa \u0107e marenda biti &#8220;suha&#8221;: pizze, sendvi\u010di i sl.<\/p>\n\n\n\n<p>Molimo u\u010denike da \u0161to \u010de\u0161\u0107e peru ruke u u\u010dionicama, u kojima \u0107e biti sapuni i papirnati ru\u010dnici.<br><\/p>\n\n\n\n<p>Prvi dan nastave, u ponedjeljak, u\u010denici \u0107e na SRZ dobiti detaljnije informacije.&nbsp;<\/p>\n\n\n\n<p>Knjige su stigle pa treba do\u0107i sa \u0161kolskim torbama da se mogu uzeti.<br><\/p>\n\n\n\n<p>Roditelji ne ulaze u \u0161kolu dok traje nastava. Sve potrebne informacije dobit \u0107e na roditeljskom sastanku koji \u0107e se odr\u017eati u drugom tjednu nastave.&nbsp;<br><\/p>\n\n\n\n<p>U\u010ditelji P\u0160 Vrh<br><\/p>\n","protected":false},"excerpt":{"rendered":"<p>Dragi u\u010denici, po\u0161tovani roditelji! Na po\u010detku smo jo\u0161 jedne vrlo izazovne godine, u kojoj, osim usvajanja znanja i stjecanja novih vje\u0161tina te dru\u017eenja s prijateljima, tako\u0111er treba misliti i na \u010duvanje svojega i tu\u0111eg zdravlja. Stoga, evo obavijesti o organizaciji nastave i pravilima pona\u0161anja u\u010denika i u\u010ditelja u \u0161koli: Svi \u0107e u\u010denici od 1. do [&hellip;]<\/p>\n","protected":false},"author":1,"featured_media":0,"comment_status":"open","ping_status":"open","sticky":false,"template":"","format":"standard","meta":[],"categories":[1],"tags":[],"_links":{"self":[{"href":"http:\/\/osnovnaskolakrk.hr\/vrh\/index.php?rest_route=\/wp\/v2\/posts\/3660"}],"collection":[{"href":"http:\/\/osnovnaskolakrk.hr\/vrh\/index.php?rest_route=\/wp\/v2\/posts"}],"about":[{"href":"http:\/\/osnovnaskolakrk.hr\/vrh\/index.php?rest_route=\/wp\/v2\/types\/post"}],"author":[{"embeddable":true,"href":"http:\/\/osnovnaskolakrk.hr\/vrh\/index.php?rest_route=\/wp\/v2\/users\/1"}],"replies":[{"embeddable":true,"href":"http:\/\/osnovnaskolakrk.hr\/vrh\/index.php?rest_route=%2Fwp%2Fv2%2Fcomments&post=3660"}],"version-history":[{"count":1,"href":"http:\/\/osnovnaskolakrk.hr\/vrh\/index.php?rest_route=\/wp\/v2\/posts\/3660\/revisions"}],"predecessor-version":[{"id":3661,"href":"http:\/\/osnovnaskolakrk.hr\/vrh\/index.php?rest_route=\/wp\/v2\/posts\/3660\/revisions\/3661"}],"wp:attachment":[{"href":"http:\/\/osnovnaskolakrk.hr\/vrh\/index.php?rest_route=%2Fwp%2Fv2%2Fmedia&parent=3660"}],"wp:term":[{"taxonomy":"category","embeddable":true,"href":"http:\/\/osnovnaskolakrk.hr\/vrh\/index.php?rest_route=%2Fwp%2Fv2%2Fcategories&post=3660"},{"taxonomy":"post_tag","embeddable":true,"href":"http:\/\/osnovnaskolakrk.hr\/vrh\/index.php?rest_route=%2Fwp%2Fv2%2Ftags&post=3660"}],"curies":[{"name":"wp","href":"https:\/\/api.w.org\/{rel}","templated":true}]}}