{"id":3664,"date":"2020-09-16T13:56:13","date_gmt":"2020-09-16T13:56:13","guid":{"rendered":"http:\/\/osnovnaskolakrk.hr\/vrh\/?p=3664"},"modified":"2020-09-16T13:56:13","modified_gmt":"2020-09-16T13:56:13","slug":"epidemioloske-mjere-zastite-od-zaraze-virusom-covid-19-za-skolsku-godinu-2020-2021-organizacija-rada-u-os-fran-krsto-frankopan-krk","status":"publish","type":"post","link":"http:\/\/osnovnaskolakrk.hr\/vrh\/?p=3664","title":{"rendered":"EPIDEMIOLO\u0160KE MJERE ZA\u0160TITE OD ZARAZE VIRUSOM COVID-19 ZA \u0160KOLSKU GODINU 2020.\/2021. Organizacija rada u O\u0160 \u201eFran Krsto Frankopan\u201c Krk"},"content":{"rendered":"\n<div class=\"wp-block-file\"><a href=\"http:\/\/osnovnaskolakrk.hr\/vrh\/wp-content\/uploads\/OS-KRK-Organizacija-rada-tijekom-epidemije-07092020.pdf\">OS-KRK-Organizacija-rada-tijekom-epidemije-07092020<\/a><a href=\"http:\/\/osnovnaskolakrk.hr\/vrh\/wp-content\/uploads\/OS-KRK-Organizacija-rada-tijekom-epidemije-07092020.pdf\" class=\"wp-block-file__button\" download>Preuzmi<\/a><\/div>\n","protected":false},"excerpt":{"rendered":"","protected":false},"author":1,"featured_media":0,"comment_status":"open","ping_status":"open","sticky":false,"template":"","format":"standard","meta":[],"categories":[1],"tags":[],"_links":{"self":[{"href":"http:\/\/osnovnaskolakrk.hr\/vrh\/index.php?rest_route=\/wp\/v2\/posts\/3664"}],"collection":[{"href":"http:\/\/osnovnaskolakrk.hr\/vrh\/index.php?rest_route=\/wp\/v2\/posts"}],"about":[{"href":"http:\/\/osnovnaskolakrk.hr\/vrh\/index.php?rest_route=\/wp\/v2\/types\/post"}],"author":[{"embeddable":true,"href":"http:\/\/osnovnaskolakrk.hr\/vrh\/index.php?rest_route=\/wp\/v2\/users\/1"}],"replies":[{"embeddable":true,"href":"http:\/\/osnovnaskolakrk.hr\/vrh\/index.php?rest_route=%2Fwp%2Fv2%2Fcomments&post=3664"}],"version-history":[{"count":2,"href":"http:\/\/osnovnaskolakrk.hr\/vrh\/index.php?rest_route=\/wp\/v2\/posts\/3664\/revisions"}],"predecessor-version":[{"id":3667,"href":"http:\/\/osnovnaskolakrk.hr\/vrh\/index.php?rest_route=\/wp\/v2\/posts\/3664\/revisions\/3667"}],"wp:attachment":[{"href":"http:\/\/osnovnaskolakrk.hr\/vrh\/index.php?rest_route=%2Fwp%2Fv2%2Fmedia&parent=3664"}],"wp:term":[{"taxonomy":"category","embeddable":true,"href":"http:\/\/osnovnaskolakrk.hr\/vrh\/index.php?rest_route=%2Fwp%2Fv2%2Fcategories&post=3664"},{"taxonomy":"post_tag","embeddable":true,"href":"http:\/\/osnovnaskolakrk.hr\/vrh\/index.php?rest_route=%2Fwp%2Fv2%2Ftags&post=3664"}],"curies":[{"name":"wp","href":"https:\/\/api.w.org\/{rel}","templated":true}]}}