{"id":3678,"date":"2020-09-19T17:48:35","date_gmt":"2020-09-19T17:48:35","guid":{"rendered":"http:\/\/osnovnaskolakrk.hr\/vrh\/?p=3678"},"modified":"2020-09-19T17:49:38","modified_gmt":"2020-09-19T17:49:38","slug":"21-dak-prvak","status":"publish","type":"post","link":"http:\/\/osnovnaskolakrk.hr\/vrh\/?p=3678","title":{"rendered":"21 \u0111ak prvak"},"content":{"rendered":"\n<p>I stigao nam je jo\u0161 jedan rujan, a s njim i po\u010detak \u0161kolske\n(i nastavne) godine. Iako malo optere\u0107eni propisanim mjerama, u\u010denici su ispod\nsvojih \u0161arenih maski skrivali vesele osmijehe. Ponovno zajedno, ima li i\u010deg\nboljeg, ljep\u0161eg?<\/p>\n\n\n\n<p>&nbsp;U nova saznanja, borbe\ni pobjede, u\u010diti, dru\u017eiti se i stvarati!<\/p>\n\n\n\n<p>A na\u0161 prvi razred broji \u010dak 21 novo ime:<\/p>\n\n\n\n<ul><li>Nola<\/li><li>Mia<\/li><li>Marija<\/li><li>Mihael<\/li><li>Ema<\/li><li>Emili<\/li><li>Ivano<\/li><li>David<\/li><li>Marii<\/li><li>Leon<\/li><li>Ena<\/li><li>Lovro<\/li><li>Vid<\/li><li>Luka <\/li><li>Jakov<\/li><li>Emela<\/li><li>Noela<\/li><li>Leo<\/li><li>Vito<\/li><li>Mihael<\/li><li>Luka<\/li><\/ul>\n\n\n\n<p>Prva\u0161i\u0107i, kapa dolje,<\/p>\n\n\n\n<p>U\u010dite s puno volje!<\/p>\n\n\n\n<p class=\"has-text-align-center\"><strong>Svim u\u010denicima \u017eelimo puno uspjeha u ovoj \u0161kolskoj godini!<\/strong><\/p>\n","protected":false},"excerpt":{"rendered":"<p>I stigao nam je jo\u0161 jedan rujan, a s njim i po\u010detak \u0161kolske (i nastavne) godine. Iako malo optere\u0107eni propisanim mjerama, u\u010denici su ispod svojih \u0161arenih maski skrivali vesele osmijehe. Ponovno zajedno, ima li i\u010deg boljeg, ljep\u0161eg? &nbsp;U nova saznanja, borbe i pobjede, u\u010diti, dru\u017eiti se i stvarati! A na\u0161 prvi razred broji \u010dak 21 [&hellip;]<\/p>\n","protected":false},"author":1,"featured_media":0,"comment_status":"open","ping_status":"open","sticky":false,"template":"","format":"standard","meta":[],"categories":[1],"tags":[],"_links":{"self":[{"href":"http:\/\/osnovnaskolakrk.hr\/vrh\/index.php?rest_route=\/wp\/v2\/posts\/3678"}],"collection":[{"href":"http:\/\/osnovnaskolakrk.hr\/vrh\/index.php?rest_route=\/wp\/v2\/posts"}],"about":[{"href":"http:\/\/osnovnaskolakrk.hr\/vrh\/index.php?rest_route=\/wp\/v2\/types\/post"}],"author":[{"embeddable":true,"href":"http:\/\/osnovnaskolakrk.hr\/vrh\/index.php?rest_route=\/wp\/v2\/users\/1"}],"replies":[{"embeddable":true,"href":"http:\/\/osnovnaskolakrk.hr\/vrh\/index.php?rest_route=%2Fwp%2Fv2%2Fcomments&post=3678"}],"version-history":[{"count":2,"href":"http:\/\/osnovnaskolakrk.hr\/vrh\/index.php?rest_route=\/wp\/v2\/posts\/3678\/revisions"}],"predecessor-version":[{"id":3680,"href":"http:\/\/osnovnaskolakrk.hr\/vrh\/index.php?rest_route=\/wp\/v2\/posts\/3678\/revisions\/3680"}],"wp:attachment":[{"href":"http:\/\/osnovnaskolakrk.hr\/vrh\/index.php?rest_route=%2Fwp%2Fv2%2Fmedia&parent=3678"}],"wp:term":[{"taxonomy":"category","embeddable":true,"href":"http:\/\/osnovnaskolakrk.hr\/vrh\/index.php?rest_route=%2Fwp%2Fv2%2Fcategories&post=3678"},{"taxonomy":"post_tag","embeddable":true,"href":"http:\/\/osnovnaskolakrk.hr\/vrh\/index.php?rest_route=%2Fwp%2Fv2%2Ftags&post=3678"}],"curies":[{"name":"wp","href":"https:\/\/api.w.org\/{rel}","templated":true}]}}