{"id":3703,"date":"2020-10-23T14:46:12","date_gmt":"2020-10-23T14:46:12","guid":{"rendered":"http:\/\/osnovnaskolakrk.hr\/vrh\/?p=3703"},"modified":"2020-10-23T14:47:37","modified_gmt":"2020-10-23T14:47:37","slug":"72-sata-bez-kompromisa","status":"publish","type":"post","link":"http:\/\/osnovnaskolakrk.hr\/vrh\/?p=3703","title":{"rendered":"72 sata bez kompromisa"},"content":{"rendered":"\n<p class=\"has-text-align-left\">U subotu, 17. listopada, petero\u010dlana ekipa mladih volonterki, biv\u0161ih u\u010denica na\u0161e \u0161kole, sada srednjo\u0161kolki i jednog volontera iz Krka odradila je radnu akciju rezanja lovorove \u017eivice i obrezivanja grmova u Mediteranskom vrtu P\u0160 Vrh. <\/p>\n\n\n\n<div class=\"wp-container-1 wp-block-group\"><div class=\"wp-block-group__inner-container\">\n<p>Akcija je odra\u0111ena u sklopu nacionalnog volonterskog projekta\n\u201e72 sata bez kompromisa\u201c, koja se odvija u hrvatskoj ve\u0107 7 godina. &nbsp;Otok Krk se prvi put &nbsp;ove godine priklju\u010dio akciji, i to u organizaciji\nbiskupijskog Caritasa, a sudjelovalo je 86 mladih volontera i volonterki.<\/p>\n<\/div><\/div>\n\n\n\n<p>Cilj ove akcije je da mladi ljudi daju beskompromisno na\nraspolaganje svoje vrijeme, talente i vje\u0161tine kroz radne, ekolo\u0161ke ili\nsocijalne akcije na korist pojedincima ili ustanovama u lokalnoj zajednici. <\/p>\n\n\n\n<p>Tako je i ova ekipa, koja si je dala ime \u201eMediteranska\n\u017eilavica\u201c \u017eilavo prionula na posao u na\u0161em \u0161kolskom vrtu i dovela ga u red. Hvala\nekipi na ulo\u017eenom trudu!<\/p>\n\n\n\n<div class=\"wp-container-4 wp-block-group\"><div class=\"wp-block-group__inner-container\">\n<figure class=\"wp-container-3 wp-block-gallery-2 wp-block-gallery columns-3 is-cropped\"><ul class=\"blocks-gallery-grid\"><li class=\"blocks-gallery-item\"><figure><img loading=\"lazy\" width=\"1599\" height=\"1187\" src=\"http:\/\/osnovnaskolakrk.hr\/vrh\/wp-content\/uploads\/1-4.jpg\" alt=\"\" data-id=\"3704\" data-full-url=\"http:\/\/osnovnaskolakrk.hr\/vrh\/wp-content\/uploads\/1-4.jpg\" data-link=\"http:\/\/osnovnaskolakrk.hr\/vrh\/?attachment_id=3704\" class=\"wp-image-3704\" srcset=\"http:\/\/osnovnaskolakrk.hr\/vrh\/wp-content\/uploads\/1-4.jpg 1599w, http:\/\/osnovnaskolakrk.hr\/vrh\/wp-content\/uploads\/1-4-768x570.jpg 768w, http:\/\/osnovnaskolakrk.hr\/vrh\/wp-content\/uploads\/1-4-1536x1140.jpg 1536w, http:\/\/osnovnaskolakrk.hr\/vrh\/wp-content\/uploads\/1-4-404x300.jpg 404w\" sizes=\"(max-width: 1599px) 100vw, 1599px\" \/><\/figure><\/li><li class=\"blocks-gallery-item\"><figure><img loading=\"lazy\" width=\"1200\" height=\"1600\" src=\"http:\/\/osnovnaskolakrk.hr\/vrh\/wp-content\/uploads\/2-5.jpg\" alt=\"\" data-id=\"3706\" data-full-url=\"http:\/\/osnovnaskolakrk.hr\/vrh\/wp-content\/uploads\/2-5.jpg\" data-link=\"http:\/\/osnovnaskolakrk.hr\/vrh\/?attachment_id=3706\" class=\"wp-image-3706\" srcset=\"http:\/\/osnovnaskolakrk.hr\/vrh\/wp-content\/uploads\/2-5.jpg 1200w, http:\/\/osnovnaskolakrk.hr\/vrh\/wp-content\/uploads\/2-5-768x1024.jpg 768w, http:\/\/osnovnaskolakrk.hr\/vrh\/wp-content\/uploads\/2-5-1152x1536.jpg 1152w, http:\/\/osnovnaskolakrk.hr\/vrh\/wp-content\/uploads\/2-5-225x300.jpg 225w\" sizes=\"(max-width: 1200px) 100vw, 1200px\" \/><\/figure><\/li><li class=\"blocks-gallery-item\"><figure><img loading=\"lazy\" width=\"1600\" height=\"1200\" src=\"http:\/\/osnovnaskolakrk.hr\/vrh\/wp-content\/uploads\/3-7.jpg\" alt=\"\" data-id=\"3707\" data-full-url=\"http:\/\/osnovnaskolakrk.hr\/vrh\/wp-content\/uploads\/3-7.jpg\" data-link=\"http:\/\/osnovnaskolakrk.hr\/vrh\/?attachment_id=3707\" class=\"wp-image-3707\" srcset=\"http:\/\/osnovnaskolakrk.hr\/vrh\/wp-content\/uploads\/3-7.jpg 1600w, http:\/\/osnovnaskolakrk.hr\/vrh\/wp-content\/uploads\/3-7-768x576.jpg 768w, http:\/\/osnovnaskolakrk.hr\/vrh\/wp-content\/uploads\/3-7-1536x1152.jpg 1536w, http:\/\/osnovnaskolakrk.hr\/vrh\/wp-content\/uploads\/3-7-400x300.jpg 400w\" sizes=\"(max-width: 1600px) 100vw, 1600px\" \/><\/figure><\/li><\/ul><\/figure>\n<\/div><\/div>\n","protected":false},"excerpt":{"rendered":"<p>U subotu, 17. listopada, petero\u010dlana ekipa mladih volonterki, biv\u0161ih u\u010denica na\u0161e \u0161kole, sada srednjo\u0161kolki i jednog volontera iz Krka odradila je radnu akciju rezanja lovorove \u017eivice i obrezivanja grmova u Mediteranskom vrtu P\u0160 Vrh. Akcija je odra\u0111ena u sklopu nacionalnog volonterskog projekta \u201e72 sata bez kompromisa\u201c, koja se odvija u hrvatskoj ve\u0107 7 godina. &nbsp;Otok [&hellip;]<\/p>\n","protected":false},"author":1,"featured_media":0,"comment_status":"open","ping_status":"open","sticky":false,"template":"","format":"standard","meta":[],"categories":[1],"tags":[],"_links":{"self":[{"href":"http:\/\/osnovnaskolakrk.hr\/vrh\/index.php?rest_route=\/wp\/v2\/posts\/3703"}],"collection":[{"href":"http:\/\/osnovnaskolakrk.hr\/vrh\/index.php?rest_route=\/wp\/v2\/posts"}],"about":[{"href":"http:\/\/osnovnaskolakrk.hr\/vrh\/index.php?rest_route=\/wp\/v2\/types\/post"}],"author":[{"embeddable":true,"href":"http:\/\/osnovnaskolakrk.hr\/vrh\/index.php?rest_route=\/wp\/v2\/users\/1"}],"replies":[{"embeddable":true,"href":"http:\/\/osnovnaskolakrk.hr\/vrh\/index.php?rest_route=%2Fwp%2Fv2%2Fcomments&post=3703"}],"version-history":[{"count":3,"href":"http:\/\/osnovnaskolakrk.hr\/vrh\/index.php?rest_route=\/wp\/v2\/posts\/3703\/revisions"}],"predecessor-version":[{"id":3709,"href":"http:\/\/osnovnaskolakrk.hr\/vrh\/index.php?rest_route=\/wp\/v2\/posts\/3703\/revisions\/3709"}],"wp:attachment":[{"href":"http:\/\/osnovnaskolakrk.hr\/vrh\/index.php?rest_route=%2Fwp%2Fv2%2Fmedia&parent=3703"}],"wp:term":[{"taxonomy":"category","embeddable":true,"href":"http:\/\/osnovnaskolakrk.hr\/vrh\/index.php?rest_route=%2Fwp%2Fv2%2Fcategories&post=3703"},{"taxonomy":"post_tag","embeddable":true,"href":"http:\/\/osnovnaskolakrk.hr\/vrh\/index.php?rest_route=%2Fwp%2Fv2%2Ftags&post=3703"}],"curies":[{"name":"wp","href":"https:\/\/api.w.org\/{rel}","templated":true}]}}