{"id":3710,"date":"2020-10-23T14:50:06","date_gmt":"2020-10-23T14:50:06","guid":{"rendered":"http:\/\/osnovnaskolakrk.hr\/vrh\/?p=3710"},"modified":"2020-10-23T14:52:38","modified_gmt":"2020-10-23T14:52:38","slug":"uspjesna-berba-u-skolskom-masliniku","status":"publish","type":"post","link":"http:\/\/osnovnaskolakrk.hr\/vrh\/?p=3710","title":{"rendered":"Uspje\u0161na berba u \u0161kolskom masliniku"},"content":{"rendered":"\n<figure class=\"wp-container-2 wp-block-gallery-1 wp-block-gallery columns-3 is-cropped\"><ul class=\"blocks-gallery-grid\"><li class=\"blocks-gallery-item\"><figure><img loading=\"lazy\" width=\"1200\" height=\"1600\" src=\"http:\/\/osnovnaskolakrk.hr\/vrh\/wp-content\/uploads\/Vrh-2020-berba-maslina-1.jpg\" alt=\"\" data-id=\"3711\" data-link=\"http:\/\/osnovnaskolakrk.hr\/vrh\/?attachment_id=3711\" class=\"wp-image-3711\" srcset=\"http:\/\/osnovnaskolakrk.hr\/vrh\/wp-content\/uploads\/Vrh-2020-berba-maslina-1.jpg 1200w, http:\/\/osnovnaskolakrk.hr\/vrh\/wp-content\/uploads\/Vrh-2020-berba-maslina-1-768x1024.jpg 768w, http:\/\/osnovnaskolakrk.hr\/vrh\/wp-content\/uploads\/Vrh-2020-berba-maslina-1-1152x1536.jpg 1152w, http:\/\/osnovnaskolakrk.hr\/vrh\/wp-content\/uploads\/Vrh-2020-berba-maslina-1-225x300.jpg 225w\" sizes=\"(max-width: 1200px) 100vw, 1200px\" \/><\/figure><\/li><li class=\"blocks-gallery-item\"><figure><img loading=\"lazy\" width=\"1920\" height=\"2560\" src=\"http:\/\/osnovnaskolakrk.hr\/vrh\/wp-content\/uploads\/Vrh-2020-berba-maslina-2-scaled.jpg\" alt=\"\" data-id=\"3712\" data-link=\"http:\/\/osnovnaskolakrk.hr\/vrh\/?attachment_id=3712\" class=\"wp-image-3712\" srcset=\"http:\/\/osnovnaskolakrk.hr\/vrh\/wp-content\/uploads\/Vrh-2020-berba-maslina-2-scaled.jpg 1920w, http:\/\/osnovnaskolakrk.hr\/vrh\/wp-content\/uploads\/Vrh-2020-berba-maslina-2-768x1024.jpg 768w, http:\/\/osnovnaskolakrk.hr\/vrh\/wp-content\/uploads\/Vrh-2020-berba-maslina-2-1152x1536.jpg 1152w, http:\/\/osnovnaskolakrk.hr\/vrh\/wp-content\/uploads\/Vrh-2020-berba-maslina-2-1536x2048.jpg 1536w, http:\/\/osnovnaskolakrk.hr\/vrh\/wp-content\/uploads\/Vrh-2020-berba-maslina-2-225x300.jpg 225w\" sizes=\"(max-width: 1920px) 100vw, 1920px\" \/><\/figure><\/li><li class=\"blocks-gallery-item\"><figure><img loading=\"lazy\" width=\"1920\" height=\"2560\" src=\"http:\/\/osnovnaskolakrk.hr\/vrh\/wp-content\/uploads\/Vrh-2020-berba-maslina-3-scaled.jpg\" alt=\"\" data-id=\"3715\" data-full-url=\"http:\/\/osnovnaskolakrk.hr\/vrh\/wp-content\/uploads\/Vrh-2020-berba-maslina-3-scaled.jpg\" data-link=\"http:\/\/osnovnaskolakrk.hr\/vrh\/?attachment_id=3715\" class=\"wp-image-3715\" srcset=\"http:\/\/osnovnaskolakrk.hr\/vrh\/wp-content\/uploads\/Vrh-2020-berba-maslina-3-scaled.jpg 1920w, http:\/\/osnovnaskolakrk.hr\/vrh\/wp-content\/uploads\/Vrh-2020-berba-maslina-3-768x1024.jpg 768w, http:\/\/osnovnaskolakrk.hr\/vrh\/wp-content\/uploads\/Vrh-2020-berba-maslina-3-1152x1536.jpg 1152w, http:\/\/osnovnaskolakrk.hr\/vrh\/wp-content\/uploads\/Vrh-2020-berba-maslina-3-1536x2048.jpg 1536w, http:\/\/osnovnaskolakrk.hr\/vrh\/wp-content\/uploads\/Vrh-2020-berba-maslina-3-225x300.jpg 225w\" sizes=\"(max-width: 1920px) 100vw, 1920px\" \/><\/figure><\/li><\/ul><\/figure>\n\n\n\n<p>U organizaciji U\u010deni\u010dke zadruge Busilak ,O\u0160 Fran Krsto Frankopan, koja ve\u0107 tre\u0107u godinu djeluje u Podru\u010dnoj \u0161koli Vrh, obavljena je berba u \u0161kolskom masliniku. Osim \u010dlanova zadruge u berbi je sudjelovao i veliki\n broj ostalih u\u010denika \u0161kole pa \u010dak i maleni prva\u0161i\u0107i. Berba je na\u017ealost bila obilje\u017eena trenutnim mjerama za za\u0161titu od COVID-19,bralo se pod maskama i pazilo na udaljenost \u0161to nije omelo u\u010denike da u\u017eivaju na svje\u017eem zraku i dru\u0161tveno korisnom radu \u0161to je\n i cilj i zadatak rada u U\u010deni\u010dkoj zadruzi.<\/p>\n\n\n\n<p>\n\u0160kolski maslinik je u potpunosti ekolo\u0161ki, za prihranu se koristi samo humus kojeg \u0161kola dobiva od komunalnog dru\u0161tva Ponikve, te je i ulje ekstra djevi\u010danske kvalitete. Ove godine ubrano je 150 kg maslina &nbsp;i dobiveno\n je 14 litara ulja koje \u0107e vrijedni zadrugari pakirati u staklene bo\u010dice od 2,5 dl sa svojim logom, te \u0107e se s tim proizvodom predstaviti i na \u017eupanijskoj smotri UZ PG\u017d.<\/p>\n\n\n\n<p>\nDio ulja donira se i \u0161kolskoj kuhinji te se koristi u prehrani u\u010denika.<\/p>\n\n\n\n<p>\nVoditeljica UZ Busilak<\/p>\n\n\n\n<p>\nSanja Novosel Grguri\u0107<\/p>\n","protected":false},"excerpt":{"rendered":"<p>U organizaciji U\u010deni\u010dke zadruge Busilak ,O\u0160 Fran Krsto Frankopan, koja ve\u0107 tre\u0107u godinu djeluje u Podru\u010dnoj \u0161koli Vrh, obavljena je berba u \u0161kolskom masliniku. Osim \u010dlanova zadruge u berbi je sudjelovao i veliki broj ostalih u\u010denika \u0161kole pa \u010dak i maleni prva\u0161i\u0107i. Berba je na\u017ealost bila obilje\u017eena trenutnim mjerama za za\u0161titu od COVID-19,bralo se pod [&hellip;]<\/p>\n","protected":false},"author":1,"featured_media":0,"comment_status":"open","ping_status":"open","sticky":false,"template":"","format":"standard","meta":[],"categories":[1],"tags":[],"_links":{"self":[{"href":"http:\/\/osnovnaskolakrk.hr\/vrh\/index.php?rest_route=\/wp\/v2\/posts\/3710"}],"collection":[{"href":"http:\/\/osnovnaskolakrk.hr\/vrh\/index.php?rest_route=\/wp\/v2\/posts"}],"about":[{"href":"http:\/\/osnovnaskolakrk.hr\/vrh\/index.php?rest_route=\/wp\/v2\/types\/post"}],"author":[{"embeddable":true,"href":"http:\/\/osnovnaskolakrk.hr\/vrh\/index.php?rest_route=\/wp\/v2\/users\/1"}],"replies":[{"embeddable":true,"href":"http:\/\/osnovnaskolakrk.hr\/vrh\/index.php?rest_route=%2Fwp%2Fv2%2Fcomments&post=3710"}],"version-history":[{"count":4,"href":"http:\/\/osnovnaskolakrk.hr\/vrh\/index.php?rest_route=\/wp\/v2\/posts\/3710\/revisions"}],"predecessor-version":[{"id":3717,"href":"http:\/\/osnovnaskolakrk.hr\/vrh\/index.php?rest_route=\/wp\/v2\/posts\/3710\/revisions\/3717"}],"wp:attachment":[{"href":"http:\/\/osnovnaskolakrk.hr\/vrh\/index.php?rest_route=%2Fwp%2Fv2%2Fmedia&parent=3710"}],"wp:term":[{"taxonomy":"category","embeddable":true,"href":"http:\/\/osnovnaskolakrk.hr\/vrh\/index.php?rest_route=%2Fwp%2Fv2%2Fcategories&post=3710"},{"taxonomy":"post_tag","embeddable":true,"href":"http:\/\/osnovnaskolakrk.hr\/vrh\/index.php?rest_route=%2Fwp%2Fv2%2Ftags&post=3710"}],"curies":[{"name":"wp","href":"https:\/\/api.w.org\/{rel}","templated":true}]}}