{"id":3718,"date":"2020-10-26T17:19:11","date_gmt":"2020-10-26T17:19:11","guid":{"rendered":"http:\/\/osnovnaskolakrk.hr\/vrh\/?p=3718"},"modified":"2020-10-26T17:19:11","modified_gmt":"2020-10-26T17:19:11","slug":"informaticke-avanture-nasih-prvasica","status":"publish","type":"post","link":"http:\/\/osnovnaskolakrk.hr\/vrh\/?p=3718","title":{"rendered":"Informati\u010dke avanture na\u0161ih prva\u0161i\u0107a"},"content":{"rendered":"\n<p>Informatika je u osnovnim \u0161kolama od ove \u0161kolske godine\npostala izborni predmet ve\u0107 od 1. razreda. <\/p>\n\n\n\n<p>Na\u0161a se \u0161kola mo\u017ee pohvaliti \u010dinjenicom da &nbsp;gotovo 100% djece poha\u0111a ovaj izborni predmet.\nCilj digitalne transformacije osnovne \u0161kole je da u\u010denici steknu znanja i\nvje\u0161tine potrebne za svijet koji se stalno mijenja. Kao u\u010diteljica, prvi puta\nsam se i sama susrela sa radom u 1. razredu. U na\u0161oj \u0161koli do\u010dekao me 21 u\u010denik\n1. razreda te smo zajedno krenuli u avanturu upoznavanja digitalnog svijeta. <\/p>\n\n\n\n<p>Kako izgleda jedan na\u0161 \u010detvrtak pokazati \u0107emo vam u prvoj epizodi INFORMATI\u010cKIH AVANTURA\u2026<\/p>\n\n\n\n<figure class=\"wp-block-embed-youtube wp-block-embed is-type-video is-provider-youtube wp-embed-aspect-16-9 wp-has-aspect-ratio\"><div class=\"wp-block-embed__wrapper\">\n<iframe loading=\"lazy\" title=\"Prva\u0161i\u0107i&amp;informatika\" width=\"625\" height=\"352\" src=\"https:\/\/www.youtube.com\/embed\/s6xKQDIefqY?feature=oembed\" frameborder=\"0\" allow=\"accelerometer; autoplay; clipboard-write; encrypted-media; gyroscope; picture-in-picture\" allowfullscreen><\/iframe>\n<\/div><\/figure>\n\n\n\n<p><\/p>\n","protected":false},"excerpt":{"rendered":"<p>Informatika je u osnovnim \u0161kolama od ove \u0161kolske godine postala izborni predmet ve\u0107 od 1. razreda. Na\u0161a se \u0161kola mo\u017ee pohvaliti \u010dinjenicom da &nbsp;gotovo 100% djece poha\u0111a ovaj izborni predmet. Cilj digitalne transformacije osnovne \u0161kole je da u\u010denici steknu znanja i vje\u0161tine potrebne za svijet koji se stalno mijenja. Kao u\u010diteljica, prvi puta sam se [&hellip;]<\/p>\n","protected":false},"author":1,"featured_media":0,"comment_status":"open","ping_status":"open","sticky":false,"template":"","format":"standard","meta":[],"categories":[1],"tags":[],"_links":{"self":[{"href":"http:\/\/osnovnaskolakrk.hr\/vrh\/index.php?rest_route=\/wp\/v2\/posts\/3718"}],"collection":[{"href":"http:\/\/osnovnaskolakrk.hr\/vrh\/index.php?rest_route=\/wp\/v2\/posts"}],"about":[{"href":"http:\/\/osnovnaskolakrk.hr\/vrh\/index.php?rest_route=\/wp\/v2\/types\/post"}],"author":[{"embeddable":true,"href":"http:\/\/osnovnaskolakrk.hr\/vrh\/index.php?rest_route=\/wp\/v2\/users\/1"}],"replies":[{"embeddable":true,"href":"http:\/\/osnovnaskolakrk.hr\/vrh\/index.php?rest_route=%2Fwp%2Fv2%2Fcomments&post=3718"}],"version-history":[{"count":2,"href":"http:\/\/osnovnaskolakrk.hr\/vrh\/index.php?rest_route=\/wp\/v2\/posts\/3718\/revisions"}],"predecessor-version":[{"id":3720,"href":"http:\/\/osnovnaskolakrk.hr\/vrh\/index.php?rest_route=\/wp\/v2\/posts\/3718\/revisions\/3720"}],"wp:attachment":[{"href":"http:\/\/osnovnaskolakrk.hr\/vrh\/index.php?rest_route=%2Fwp%2Fv2%2Fmedia&parent=3718"}],"wp:term":[{"taxonomy":"category","embeddable":true,"href":"http:\/\/osnovnaskolakrk.hr\/vrh\/index.php?rest_route=%2Fwp%2Fv2%2Fcategories&post=3718"},{"taxonomy":"post_tag","embeddable":true,"href":"http:\/\/osnovnaskolakrk.hr\/vrh\/index.php?rest_route=%2Fwp%2Fv2%2Ftags&post=3718"}],"curies":[{"name":"wp","href":"https:\/\/api.w.org\/{rel}","templated":true}]}}