{"id":3722,"date":"2020-11-15T16:38:57","date_gmt":"2020-11-15T16:38:57","guid":{"rendered":"http:\/\/osnovnaskolakrk.hr\/vrh\/?p=3722"},"modified":"2020-11-15T16:38:57","modified_gmt":"2020-11-15T16:38:57","slug":"dani-kruha-2","status":"publish","type":"post","link":"http:\/\/osnovnaskolakrk.hr\/vrh\/?p=3722","title":{"rendered":"Dani kruha"},"content":{"rendered":"\n<p>Listopad je mjesec u kojem obilje\u017eavamo Dane kruha i zahvaljujemo za plodove zemlje. Iako smo ni\u017ei razredi na\u0161e \u0161kole, ve\u0107 imamo dosta znanja o plodovima zemlje. Rado smo se upustili u razgovor o vrstama bra\u0161na, sjemenkama te razli\u010ditim okusima kruha.&nbsp; Kako sve ne bi ostalo samo na razgovoru, crtali smo, bojali, izra\u0111ivali kru\u0161\u0107i\u0107e. Prva\u0161i\u0107i su se uputili u \u0161kolsku blagovaonicu i tamo umijesili svoja peciva. Iskoristili su bra\u0161no, vodu, kvasac, ali i razne sjemenke. Poigrali su se i zapleli pletenice od tijesta, kuglice i ko\u0161arice.<\/p>\n\n\n\n<p>Dobro smo se zabavili, puno toga nau\u010dili i radosno postavili izlo\u017ebu.\u00a0<\/p>\n\n\n\n<figure class=\"wp-container-2 wp-block-gallery-1 wp-block-gallery columns-3 is-cropped\"><ul class=\"blocks-gallery-grid\"><li class=\"blocks-gallery-item\"><figure><img loading=\"lazy\" width=\"1600\" height=\"1200\" src=\"http:\/\/osnovnaskolakrk.hr\/vrh\/wp-content\/uploads\/1-5.jpg\" alt=\"\" data-id=\"3723\" data-link=\"http:\/\/osnovnaskolakrk.hr\/vrh\/?attachment_id=3723\" class=\"wp-image-3723\" srcset=\"http:\/\/osnovnaskolakrk.hr\/vrh\/wp-content\/uploads\/1-5.jpg 1600w, http:\/\/osnovnaskolakrk.hr\/vrh\/wp-content\/uploads\/1-5-768x576.jpg 768w, http:\/\/osnovnaskolakrk.hr\/vrh\/wp-content\/uploads\/1-5-1536x1152.jpg 1536w, http:\/\/osnovnaskolakrk.hr\/vrh\/wp-content\/uploads\/1-5-400x300.jpg 400w\" sizes=\"(max-width: 1600px) 100vw, 1600px\" \/><\/figure><\/li><li class=\"blocks-gallery-item\"><figure><img loading=\"lazy\" width=\"1600\" height=\"1200\" src=\"http:\/\/osnovnaskolakrk.hr\/vrh\/wp-content\/uploads\/2-6.jpg\" alt=\"\" data-id=\"3724\" data-link=\"http:\/\/osnovnaskolakrk.hr\/vrh\/?attachment_id=3724\" class=\"wp-image-3724\" srcset=\"http:\/\/osnovnaskolakrk.hr\/vrh\/wp-content\/uploads\/2-6.jpg 1600w, http:\/\/osnovnaskolakrk.hr\/vrh\/wp-content\/uploads\/2-6-768x576.jpg 768w, http:\/\/osnovnaskolakrk.hr\/vrh\/wp-content\/uploads\/2-6-1536x1152.jpg 1536w, http:\/\/osnovnaskolakrk.hr\/vrh\/wp-content\/uploads\/2-6-400x300.jpg 400w\" sizes=\"(max-width: 1600px) 100vw, 1600px\" \/><\/figure><\/li><li class=\"blocks-gallery-item\"><figure><img loading=\"lazy\" width=\"1200\" height=\"1600\" src=\"http:\/\/osnovnaskolakrk.hr\/vrh\/wp-content\/uploads\/3-8.jpg\" alt=\"\" data-id=\"3725\" data-link=\"http:\/\/osnovnaskolakrk.hr\/vrh\/?attachment_id=3725\" class=\"wp-image-3725\" srcset=\"http:\/\/osnovnaskolakrk.hr\/vrh\/wp-content\/uploads\/3-8.jpg 1200w, http:\/\/osnovnaskolakrk.hr\/vrh\/wp-content\/uploads\/3-8-768x1024.jpg 768w, http:\/\/osnovnaskolakrk.hr\/vrh\/wp-content\/uploads\/3-8-1152x1536.jpg 1152w, http:\/\/osnovnaskolakrk.hr\/vrh\/wp-content\/uploads\/3-8-225x300.jpg 225w\" sizes=\"(max-width: 1200px) 100vw, 1200px\" \/><\/figure><\/li><li class=\"blocks-gallery-item\"><figure><img loading=\"lazy\" width=\"1600\" height=\"1200\" src=\"http:\/\/osnovnaskolakrk.hr\/vrh\/wp-content\/uploads\/4-7.jpg\" alt=\"\" data-id=\"3726\" data-link=\"http:\/\/osnovnaskolakrk.hr\/vrh\/?attachment_id=3726\" class=\"wp-image-3726\" srcset=\"http:\/\/osnovnaskolakrk.hr\/vrh\/wp-content\/uploads\/4-7.jpg 1600w, http:\/\/osnovnaskolakrk.hr\/vrh\/wp-content\/uploads\/4-7-768x576.jpg 768w, http:\/\/osnovnaskolakrk.hr\/vrh\/wp-content\/uploads\/4-7-1536x1152.jpg 1536w, http:\/\/osnovnaskolakrk.hr\/vrh\/wp-content\/uploads\/4-7-400x300.jpg 400w\" sizes=\"(max-width: 1600px) 100vw, 1600px\" \/><\/figure><\/li><li class=\"blocks-gallery-item\"><figure><img loading=\"lazy\" width=\"1600\" height=\"1200\" src=\"http:\/\/osnovnaskolakrk.hr\/vrh\/wp-content\/uploads\/5-8.jpg\" alt=\"\" data-id=\"3727\" data-link=\"http:\/\/osnovnaskolakrk.hr\/vrh\/?attachment_id=3727\" class=\"wp-image-3727\" srcset=\"http:\/\/osnovnaskolakrk.hr\/vrh\/wp-content\/uploads\/5-8.jpg 1600w, http:\/\/osnovnaskolakrk.hr\/vrh\/wp-content\/uploads\/5-8-768x576.jpg 768w, http:\/\/osnovnaskolakrk.hr\/vrh\/wp-content\/uploads\/5-8-1536x1152.jpg 1536w, http:\/\/osnovnaskolakrk.hr\/vrh\/wp-content\/uploads\/5-8-400x300.jpg 400w\" sizes=\"(max-width: 1600px) 100vw, 1600px\" \/><\/figure><\/li><li class=\"blocks-gallery-item\"><figure><img loading=\"lazy\" width=\"1600\" height=\"1200\" src=\"http:\/\/osnovnaskolakrk.hr\/vrh\/wp-content\/uploads\/6-5.jpg\" alt=\"\" data-id=\"3728\" data-link=\"http:\/\/osnovnaskolakrk.hr\/vrh\/?attachment_id=3728\" class=\"wp-image-3728\" srcset=\"http:\/\/osnovnaskolakrk.hr\/vrh\/wp-content\/uploads\/6-5.jpg 1600w, http:\/\/osnovnaskolakrk.hr\/vrh\/wp-content\/uploads\/6-5-768x576.jpg 768w, http:\/\/osnovnaskolakrk.hr\/vrh\/wp-content\/uploads\/6-5-1536x1152.jpg 1536w, http:\/\/osnovnaskolakrk.hr\/vrh\/wp-content\/uploads\/6-5-400x300.jpg 400w\" sizes=\"(max-width: 1600px) 100vw, 1600px\" \/><\/figure><\/li><li class=\"blocks-gallery-item\"><figure><img loading=\"lazy\" width=\"1600\" height=\"1200\" src=\"http:\/\/osnovnaskolakrk.hr\/vrh\/wp-content\/uploads\/7-5.jpg\" alt=\"\" data-id=\"3729\" data-link=\"http:\/\/osnovnaskolakrk.hr\/vrh\/?attachment_id=3729\" class=\"wp-image-3729\" srcset=\"http:\/\/osnovnaskolakrk.hr\/vrh\/wp-content\/uploads\/7-5.jpg 1600w, http:\/\/osnovnaskolakrk.hr\/vrh\/wp-content\/uploads\/7-5-768x576.jpg 768w, http:\/\/osnovnaskolakrk.hr\/vrh\/wp-content\/uploads\/7-5-1536x1152.jpg 1536w, http:\/\/osnovnaskolakrk.hr\/vrh\/wp-content\/uploads\/7-5-400x300.jpg 400w\" sizes=\"(max-width: 1600px) 100vw, 1600px\" \/><\/figure><\/li><li class=\"blocks-gallery-item\"><figure><img loading=\"lazy\" width=\"1600\" height=\"1200\" src=\"http:\/\/osnovnaskolakrk.hr\/vrh\/wp-content\/uploads\/9-3.jpg\" alt=\"\" data-id=\"3731\" data-link=\"http:\/\/osnovnaskolakrk.hr\/vrh\/?attachment_id=3731\" class=\"wp-image-3731\" srcset=\"http:\/\/osnovnaskolakrk.hr\/vrh\/wp-content\/uploads\/9-3.jpg 1600w, http:\/\/osnovnaskolakrk.hr\/vrh\/wp-content\/uploads\/9-3-768x576.jpg 768w, http:\/\/osnovnaskolakrk.hr\/vrh\/wp-content\/uploads\/9-3-1536x1152.jpg 1536w, http:\/\/osnovnaskolakrk.hr\/vrh\/wp-content\/uploads\/9-3-400x300.jpg 400w\" sizes=\"(max-width: 1600px) 100vw, 1600px\" \/><\/figure><\/li><li class=\"blocks-gallery-item\"><figure><img loading=\"lazy\" width=\"1600\" height=\"1200\" src=\"http:\/\/osnovnaskolakrk.hr\/vrh\/wp-content\/uploads\/8-6.jpg\" alt=\"\" data-id=\"3730\" data-link=\"http:\/\/osnovnaskolakrk.hr\/vrh\/?attachment_id=3730\" class=\"wp-image-3730\" srcset=\"http:\/\/osnovnaskolakrk.hr\/vrh\/wp-content\/uploads\/8-6.jpg 1600w, http:\/\/osnovnaskolakrk.hr\/vrh\/wp-content\/uploads\/8-6-768x576.jpg 768w, http:\/\/osnovnaskolakrk.hr\/vrh\/wp-content\/uploads\/8-6-1536x1152.jpg 1536w, http:\/\/osnovnaskolakrk.hr\/vrh\/wp-content\/uploads\/8-6-400x300.jpg 400w\" sizes=\"(max-width: 1600px) 100vw, 1600px\" \/><\/figure><\/li><li class=\"blocks-gallery-item\"><figure><img loading=\"lazy\" width=\"1600\" height=\"1200\" src=\"http:\/\/osnovnaskolakrk.hr\/vrh\/wp-content\/uploads\/11-4.jpg\" alt=\"\" data-id=\"3733\" data-link=\"http:\/\/osnovnaskolakrk.hr\/vrh\/?attachment_id=3733\" class=\"wp-image-3733\" srcset=\"http:\/\/osnovnaskolakrk.hr\/vrh\/wp-content\/uploads\/11-4.jpg 1600w, http:\/\/osnovnaskolakrk.hr\/vrh\/wp-content\/uploads\/11-4-768x576.jpg 768w, http:\/\/osnovnaskolakrk.hr\/vrh\/wp-content\/uploads\/11-4-1536x1152.jpg 1536w, http:\/\/osnovnaskolakrk.hr\/vrh\/wp-content\/uploads\/11-4-400x300.jpg 400w\" sizes=\"(max-width: 1600px) 100vw, 1600px\" \/><\/figure><\/li><li class=\"blocks-gallery-item\"><figure><img loading=\"lazy\" width=\"1200\" height=\"1600\" src=\"http:\/\/osnovnaskolakrk.hr\/vrh\/wp-content\/uploads\/12-2.jpg\" alt=\"\" data-id=\"3734\" data-link=\"http:\/\/osnovnaskolakrk.hr\/vrh\/?attachment_id=3734\" class=\"wp-image-3734\" srcset=\"http:\/\/osnovnaskolakrk.hr\/vrh\/wp-content\/uploads\/12-2.jpg 1200w, http:\/\/osnovnaskolakrk.hr\/vrh\/wp-content\/uploads\/12-2-768x1024.jpg 768w, http:\/\/osnovnaskolakrk.hr\/vrh\/wp-content\/uploads\/12-2-1152x1536.jpg 1152w, http:\/\/osnovnaskolakrk.hr\/vrh\/wp-content\/uploads\/12-2-225x300.jpg 225w\" sizes=\"(max-width: 1200px) 100vw, 1200px\" \/><\/figure><\/li><li class=\"blocks-gallery-item\"><figure><img loading=\"lazy\" width=\"1600\" height=\"1200\" src=\"http:\/\/osnovnaskolakrk.hr\/vrh\/wp-content\/uploads\/10-5-rotated.jpg\" alt=\"\" data-id=\"3736\" data-full-url=\"http:\/\/osnovnaskolakrk.hr\/vrh\/wp-content\/uploads\/10-5-rotated.jpg\" data-link=\"http:\/\/osnovnaskolakrk.hr\/vrh\/?attachment_id=3736\" class=\"wp-image-3736\" srcset=\"http:\/\/osnovnaskolakrk.hr\/vrh\/wp-content\/uploads\/10-5-rotated.jpg 1600w, http:\/\/osnovnaskolakrk.hr\/vrh\/wp-content\/uploads\/10-5-768x576.jpg 768w, http:\/\/osnovnaskolakrk.hr\/vrh\/wp-content\/uploads\/10-5-1536x1152.jpg 1536w, http:\/\/osnovnaskolakrk.hr\/vrh\/wp-content\/uploads\/10-5-400x300.jpg 400w\" sizes=\"(max-width: 1600px) 100vw, 1600px\" \/><\/figure><\/li><li class=\"blocks-gallery-item\"><figure><img loading=\"lazy\" width=\"1600\" height=\"1200\" src=\"http:\/\/osnovnaskolakrk.hr\/vrh\/wp-content\/uploads\/13-5-rotated.jpg\" alt=\"\" data-id=\"3737\" data-full-url=\"http:\/\/osnovnaskolakrk.hr\/vrh\/wp-content\/uploads\/13-5-rotated.jpg\" data-link=\"http:\/\/osnovnaskolakrk.hr\/vrh\/?attachment_id=3737\" class=\"wp-image-3737\" srcset=\"http:\/\/osnovnaskolakrk.hr\/vrh\/wp-content\/uploads\/13-5-rotated.jpg 1600w, http:\/\/osnovnaskolakrk.hr\/vrh\/wp-content\/uploads\/13-5-768x576.jpg 768w, http:\/\/osnovnaskolakrk.hr\/vrh\/wp-content\/uploads\/13-5-1536x1152.jpg 1536w, http:\/\/osnovnaskolakrk.hr\/vrh\/wp-content\/uploads\/13-5-400x300.jpg 400w\" sizes=\"(max-width: 1600px) 100vw, 1600px\" \/><\/figure><\/li><\/ul><\/figure>\n","protected":false},"excerpt":{"rendered":"<p>Listopad je mjesec u kojem obilje\u017eavamo Dane kruha i zahvaljujemo za plodove zemlje. Iako smo ni\u017ei razredi na\u0161e \u0161kole, ve\u0107 imamo dosta znanja o plodovima zemlje. Rado smo se upustili u razgovor o vrstama bra\u0161na, sjemenkama te razli\u010ditim okusima kruha.&nbsp; Kako sve ne bi ostalo samo na razgovoru, crtali smo, bojali, izra\u0111ivali kru\u0161\u0107i\u0107e. Prva\u0161i\u0107i su [&hellip;]<\/p>\n","protected":false},"author":1,"featured_media":0,"comment_status":"open","ping_status":"open","sticky":false,"template":"","format":"standard","meta":[],"categories":[1],"tags":[],"_links":{"self":[{"href":"http:\/\/osnovnaskolakrk.hr\/vrh\/index.php?rest_route=\/wp\/v2\/posts\/3722"}],"collection":[{"href":"http:\/\/osnovnaskolakrk.hr\/vrh\/index.php?rest_route=\/wp\/v2\/posts"}],"about":[{"href":"http:\/\/osnovnaskolakrk.hr\/vrh\/index.php?rest_route=\/wp\/v2\/types\/post"}],"author":[{"embeddable":true,"href":"http:\/\/osnovnaskolakrk.hr\/vrh\/index.php?rest_route=\/wp\/v2\/users\/1"}],"replies":[{"embeddable":true,"href":"http:\/\/osnovnaskolakrk.hr\/vrh\/index.php?rest_route=%2Fwp%2Fv2%2Fcomments&post=3722"}],"version-history":[{"count":1,"href":"http:\/\/osnovnaskolakrk.hr\/vrh\/index.php?rest_route=\/wp\/v2\/posts\/3722\/revisions"}],"predecessor-version":[{"id":3738,"href":"http:\/\/osnovnaskolakrk.hr\/vrh\/index.php?rest_route=\/wp\/v2\/posts\/3722\/revisions\/3738"}],"wp:attachment":[{"href":"http:\/\/osnovnaskolakrk.hr\/vrh\/index.php?rest_route=%2Fwp%2Fv2%2Fmedia&parent=3722"}],"wp:term":[{"taxonomy":"category","embeddable":true,"href":"http:\/\/osnovnaskolakrk.hr\/vrh\/index.php?rest_route=%2Fwp%2Fv2%2Fcategories&post=3722"},{"taxonomy":"post_tag","embeddable":true,"href":"http:\/\/osnovnaskolakrk.hr\/vrh\/index.php?rest_route=%2Fwp%2Fv2%2Ftags&post=3722"}],"curies":[{"name":"wp","href":"https:\/\/api.w.org\/{rel}","templated":true}]}}