{"id":3739,"date":"2020-11-18T20:37:07","date_gmt":"2020-11-18T20:37:07","guid":{"rendered":"http:\/\/osnovnaskolakrk.hr\/vrh\/?p=3739"},"modified":"2020-11-18T20:37:07","modified_gmt":"2020-11-18T20:37:07","slug":"18-studenoga-dan-sjecanja-na-zrtve-domovinskog-rata-i-dan-sjecanja-na-zrtvu-vukovara-i-skabrnje-1991-godine","status":"publish","type":"post","link":"http:\/\/osnovnaskolakrk.hr\/vrh\/?p=3739","title":{"rendered":"18. studenoga \u2013 Dan sje\u0107anja na \u017ertve Domovinskog rata i Dan sje\u0107anja na \u017ertvu Vukovara i \u0160kabrnje 1991. godine"},"content":{"rendered":"\n<p>Odlukom Hrvatskog\nsabora od ove godine <strong>18. studenoga<\/strong> progla\u0161en je dr\u017eavnim praznikom i\nobilje\u017eava se kao <strong>Dan sje\u0107anja na \u017ertve Domovinskog rata i Dan sje\u0107anja na\n\u017ertvu Vukovara i \u0160kabrnje<\/strong>.<\/p>\n\n\n\n<p>Na dana\u0161nji dan,\nprije 29 godina, zavr\u0161ila je jedna od najstra\u0161nijih bitaka u Domovinskom ratu &#8211;\n<em>Bitka za Vukovar<\/em>. Nakon tromjese\u010dne\nherojske obrane branitelji Vukovara polo\u017eili su oru\u017eje. Bila je to jedna od\nnajve\u0107ih tragedija u novijoj hrvatskoj povijesti.<\/p>\n\n\n\n<p>Bitka za Vukovar\npo\u010dela je 24. kolovoza 1991. godine napadom biv\u0161e JNA i raznih srpskih\ndobrovolja\u010dkih paravojnih snaga na grad. Suo\u010deni s daleko nadmo\u0107nijom vojnom\nsilom branitelji grada nisu popu\u0161tali bore\u0107i se za svaku ulicu, za svaku ku\u0107u.\nIpak, bez prave pomo\u0107i kako u ljudstvu tako i u oru\u017eju obrana je popustila i\nbranitelji su 18. studenoga bili prisiljeni obustaviti daljnju borbu.\nOkupatorske snage u\u0161le su u Vukovar i po\u010dele protjerivati Vukovarce. Samo su iz\nvukovarske bolnice odvele i zato\u010dile 261 ranjenog branitelja, civila i\nbolni\u010dkog djelatnika. U\ntromjese\u010dnom razdoblju napada na Vukovar poginulo je oko 1.850 branitelja, oko\n1.600 civila od kojih 86 djece. Ranjeno je 2.500 osoba od kojih su 570 ostali\ntrajni invalidi. Bez jednog ili oba roditelja ostalo je 858 djece. U spomen na\n\u017ertve Vukovara Hrvatski sabor donio je 29.\nlistopada 1999. godine Odluku o progla\u0161enju <strong>Dana sje\u0107anja na \u017ertvu Vukovara 1991. godine<\/strong>, kako bi se\ndostojanstveno i primjereno odala po\u010dast svim sudionicima obrane Vukovara.<\/p>\n\n\n\n<p>Istoga dana, <strong>18. studenoga 1991. godine<\/strong>, snage JNA-e\ni pobunjeni doma\u0107i Srbi u\u0161li su u <strong>\u0160kabrnju<\/strong>,\nmalo mjesto u zadarskom zale\u0111u, te izvr\u0161ili jedan od najve\u0107ih zlo\u010dina u\nDomovinskom ratu. Tom prilikom poginula su 43 civila. <\/p>\n\n\n\n<p>Kao i pro\u0161lih, tako se i ove godine na\u0161a \u0161kola na simboli\u010dan na\u010din uklju\u010dila u obilje\u017eavanje spomena na vukovarske i \u0161kabrnja\u010dke \u017ertve te svih \u017ertava u Domovinskom ratu. Zajedno s u\u010diteljem povijesti Tvrtkom Bo\u017ei\u0107em, u\u010denici VIII. razreda Paola Hr\u017ei\u0107 i Dominik Nenadi\u0107 zapalili su svije\u0107e kod kri\u017ea u Vrhu na raskri\u017eju prema selu Kosi\u0107i. Tako su u svoje osobno kao i u ime svih u\u010denika i djelatnika na\u0161e \u0161kole odali po\u010dast svim \u017ertvama Domovinskog rata. <\/p>\n\n\n\n<figure class=\"wp-container-2 wp-block-gallery-1 wp-block-gallery columns-3 is-cropped\"><ul class=\"blocks-gallery-grid\"><li class=\"blocks-gallery-item\"><figure><img loading=\"lazy\" width=\"1920\" height=\"2560\" src=\"http:\/\/osnovnaskolakrk.hr\/vrh\/wp-content\/uploads\/DSCN0506-2-scaled.jpg\" alt=\"\" data-id=\"3741\" data-full-url=\"http:\/\/osnovnaskolakrk.hr\/vrh\/wp-content\/uploads\/DSCN0506-2-scaled.jpg\" data-link=\"http:\/\/osnovnaskolakrk.hr\/vrh\/?attachment_id=3741\" class=\"wp-image-3741\" srcset=\"http:\/\/osnovnaskolakrk.hr\/vrh\/wp-content\/uploads\/DSCN0506-2-scaled.jpg 1920w, http:\/\/osnovnaskolakrk.hr\/vrh\/wp-content\/uploads\/DSCN0506-2-768x1024.jpg 768w, http:\/\/osnovnaskolakrk.hr\/vrh\/wp-content\/uploads\/DSCN0506-2-1152x1536.jpg 1152w, http:\/\/osnovnaskolakrk.hr\/vrh\/wp-content\/uploads\/DSCN0506-2-1536x2048.jpg 1536w, http:\/\/osnovnaskolakrk.hr\/vrh\/wp-content\/uploads\/DSCN0506-2-225x300.jpg 225w\" sizes=\"(max-width: 1920px) 100vw, 1920px\" \/><\/figure><\/li><li class=\"blocks-gallery-item\"><figure><img loading=\"lazy\" width=\"1920\" height=\"2560\" src=\"http:\/\/osnovnaskolakrk.hr\/vrh\/wp-content\/uploads\/DSCN0507-1-scaled.jpg\" alt=\"\" data-id=\"3743\" data-full-url=\"http:\/\/osnovnaskolakrk.hr\/vrh\/wp-content\/uploads\/DSCN0507-1-scaled.jpg\" data-link=\"http:\/\/osnovnaskolakrk.hr\/vrh\/?attachment_id=3743\" class=\"wp-image-3743\" srcset=\"http:\/\/osnovnaskolakrk.hr\/vrh\/wp-content\/uploads\/DSCN0507-1-scaled.jpg 1920w, http:\/\/osnovnaskolakrk.hr\/vrh\/wp-content\/uploads\/DSCN0507-1-768x1024.jpg 768w, http:\/\/osnovnaskolakrk.hr\/vrh\/wp-content\/uploads\/DSCN0507-1-1152x1536.jpg 1152w, http:\/\/osnovnaskolakrk.hr\/vrh\/wp-content\/uploads\/DSCN0507-1-1536x2048.jpg 1536w, http:\/\/osnovnaskolakrk.hr\/vrh\/wp-content\/uploads\/DSCN0507-1-225x300.jpg 225w\" sizes=\"(max-width: 1920px) 100vw, 1920px\" \/><\/figure><\/li><li class=\"blocks-gallery-item\"><figure><img loading=\"lazy\" width=\"2560\" height=\"1920\" src=\"http:\/\/osnovnaskolakrk.hr\/vrh\/wp-content\/uploads\/DSCN0508-1-scaled.jpg\" alt=\"\" data-id=\"3746\" data-full-url=\"http:\/\/osnovnaskolakrk.hr\/vrh\/wp-content\/uploads\/DSCN0508-1-scaled.jpg\" data-link=\"http:\/\/osnovnaskolakrk.hr\/vrh\/?attachment_id=3746\" class=\"wp-image-3746\" srcset=\"http:\/\/osnovnaskolakrk.hr\/vrh\/wp-content\/uploads\/DSCN0508-1-scaled.jpg 2560w, http:\/\/osnovnaskolakrk.hr\/vrh\/wp-content\/uploads\/DSCN0508-1-768x576.jpg 768w, http:\/\/osnovnaskolakrk.hr\/vrh\/wp-content\/uploads\/DSCN0508-1-1536x1152.jpg 1536w, http:\/\/osnovnaskolakrk.hr\/vrh\/wp-content\/uploads\/DSCN0508-1-2048x1536.jpg 2048w, http:\/\/osnovnaskolakrk.hr\/vrh\/wp-content\/uploads\/DSCN0508-1-400x300.jpg 400w\" sizes=\"(max-width: 2560px) 100vw, 2560px\" \/><\/figure><\/li><\/ul><\/figure>\n\n\n\n<p>Svi koji se \u017eele detaljnije upoznati s Domovinskim ratom i \u017ertvama koje je na\u0161a zemlja podnijela da bi danas u\u017eivali u slobodi, mogu pogledati prezentacije na\u0161ih biv\u0161ih u\u010denika Emili Depope i Emanuela Mrakov\u010di\u0107a. <\/p>\n\n\n\n<div class=\"wp-block-file\"><a href=\"http:\/\/osnovnaskolakrk.hr\/vrh\/wp-content\/uploads\/Emili-Depope-Domovinski-rat.pptx\">Emili-Depope-Domovinski-rat<\/a><a href=\"http:\/\/osnovnaskolakrk.hr\/vrh\/wp-content\/uploads\/Emili-Depope-Domovinski-rat.pptx\" class=\"wp-block-file__button\" download>Preuzmi<\/a><\/div>\n\n\n\n<div class=\"wp-block-file\"><a href=\"http:\/\/osnovnaskolakrk.hr\/vrh\/wp-content\/uploads\/Emanuel-Mrakov\u010di\u0107-Domovinski-rat-1.pptx\">Emanuel-Mrakov\u010di\u0107-Domovinski-rat-1<\/a><a href=\"http:\/\/osnovnaskolakrk.hr\/vrh\/wp-content\/uploads\/Emanuel-Mrakov\u010di\u0107-Domovinski-rat-1.pptx\" class=\"wp-block-file__button\" download>Preuzmi<\/a><\/div>\n\n\n\n<p><\/p>\n","protected":false},"excerpt":{"rendered":"<p>Odlukom Hrvatskog sabora od ove godine 18. studenoga progla\u0161en je dr\u017eavnim praznikom i obilje\u017eava se kao Dan sje\u0107anja na \u017ertve Domovinskog rata i Dan sje\u0107anja na \u017ertvu Vukovara i \u0160kabrnje. Na dana\u0161nji dan, prije 29 godina, zavr\u0161ila je jedna od najstra\u0161nijih bitaka u Domovinskom ratu &#8211; Bitka za Vukovar. Nakon tromjese\u010dne herojske obrane branitelji Vukovara [&hellip;]<\/p>\n","protected":false},"author":1,"featured_media":0,"comment_status":"open","ping_status":"open","sticky":false,"template":"","format":"standard","meta":[],"categories":[1],"tags":[],"_links":{"self":[{"href":"http:\/\/osnovnaskolakrk.hr\/vrh\/index.php?rest_route=\/wp\/v2\/posts\/3739"}],"collection":[{"href":"http:\/\/osnovnaskolakrk.hr\/vrh\/index.php?rest_route=\/wp\/v2\/posts"}],"about":[{"href":"http:\/\/osnovnaskolakrk.hr\/vrh\/index.php?rest_route=\/wp\/v2\/types\/post"}],"author":[{"embeddable":true,"href":"http:\/\/osnovnaskolakrk.hr\/vrh\/index.php?rest_route=\/wp\/v2\/users\/1"}],"replies":[{"embeddable":true,"href":"http:\/\/osnovnaskolakrk.hr\/vrh\/index.php?rest_route=%2Fwp%2Fv2%2Fcomments&post=3739"}],"version-history":[{"count":1,"href":"http:\/\/osnovnaskolakrk.hr\/vrh\/index.php?rest_route=\/wp\/v2\/posts\/3739\/revisions"}],"predecessor-version":[{"id":3747,"href":"http:\/\/osnovnaskolakrk.hr\/vrh\/index.php?rest_route=\/wp\/v2\/posts\/3739\/revisions\/3747"}],"wp:attachment":[{"href":"http:\/\/osnovnaskolakrk.hr\/vrh\/index.php?rest_route=%2Fwp%2Fv2%2Fmedia&parent=3739"}],"wp:term":[{"taxonomy":"category","embeddable":true,"href":"http:\/\/osnovnaskolakrk.hr\/vrh\/index.php?rest_route=%2Fwp%2Fv2%2Fcategories&post=3739"},{"taxonomy":"post_tag","embeddable":true,"href":"http:\/\/osnovnaskolakrk.hr\/vrh\/index.php?rest_route=%2Fwp%2Fv2%2Ftags&post=3739"}],"curies":[{"name":"wp","href":"https:\/\/api.w.org\/{rel}","templated":true}]}}