{"id":3750,"date":"2020-12-10T18:26:47","date_gmt":"2020-12-10T18:26:47","guid":{"rendered":"http:\/\/osnovnaskolakrk.hr\/vrh\/?p=3750"},"modified":"2020-12-10T18:26:47","modified_gmt":"2020-12-10T18:26:47","slug":"obavijest-7","status":"publish","type":"post","link":"http:\/\/osnovnaskolakrk.hr\/vrh\/?p=3750","title":{"rendered":"Obavijest"},"content":{"rendered":"\n<p>Po\u0161tovani\nu\u010denici i roditelji,<\/p>\n\n\n\n<p>od petka 11.\nprosinca pa do kraja 1. obrazovnog razdoblja 23. prosinca u\u010denici vi\u0161ih razreda\nP\u0160 Vrh prelaze na online nastavu na platformi Google Classroom, sa \u010dime su\nu\u010denici upoznati.<\/p>\n\n\n\n<p>U\u010denici\nni\u017eih razreda dolaze na nastavu u \u0161kolu, osim onih kojima je propisana mjera\nsamoizolacije. <\/p>\n\n\n\n<p>Odlukom\nMinistarstva znanosti i obrazovanja zimski su praznici produljeni te traju od\n24. prosinca do 15. sije\u010dnja. Nastava u 2. obrazovnom razdoblju zapo\u010dinje 18.\nsije\u010dnja 2021.godine.<\/p>\n\n\n\n<p>U\u010diteljsko\nvije\u0107e P\u0160 Vrh svim u\u010denicima i njihovim obiteljima \u017eeli ugodne i mirne bo\u017ei\u0107ne\nblagdane te sretnu i zdravu 2021. godinu!<\/p>\n","protected":false},"excerpt":{"rendered":"<p>Po\u0161tovani u\u010denici i roditelji, od petka 11. prosinca pa do kraja 1. obrazovnog razdoblja 23. prosinca u\u010denici vi\u0161ih razreda P\u0160 Vrh prelaze na online nastavu na platformi Google Classroom, sa \u010dime su u\u010denici upoznati. U\u010denici ni\u017eih razreda dolaze na nastavu u \u0161kolu, osim onih kojima je propisana mjera samoizolacije. Odlukom Ministarstva znanosti i obrazovanja zimski [&hellip;]<\/p>\n","protected":false},"author":1,"featured_media":0,"comment_status":"open","ping_status":"open","sticky":false,"template":"","format":"standard","meta":[],"categories":[1],"tags":[],"_links":{"self":[{"href":"http:\/\/osnovnaskolakrk.hr\/vrh\/index.php?rest_route=\/wp\/v2\/posts\/3750"}],"collection":[{"href":"http:\/\/osnovnaskolakrk.hr\/vrh\/index.php?rest_route=\/wp\/v2\/posts"}],"about":[{"href":"http:\/\/osnovnaskolakrk.hr\/vrh\/index.php?rest_route=\/wp\/v2\/types\/post"}],"author":[{"embeddable":true,"href":"http:\/\/osnovnaskolakrk.hr\/vrh\/index.php?rest_route=\/wp\/v2\/users\/1"}],"replies":[{"embeddable":true,"href":"http:\/\/osnovnaskolakrk.hr\/vrh\/index.php?rest_route=%2Fwp%2Fv2%2Fcomments&post=3750"}],"version-history":[{"count":1,"href":"http:\/\/osnovnaskolakrk.hr\/vrh\/index.php?rest_route=\/wp\/v2\/posts\/3750\/revisions"}],"predecessor-version":[{"id":3751,"href":"http:\/\/osnovnaskolakrk.hr\/vrh\/index.php?rest_route=\/wp\/v2\/posts\/3750\/revisions\/3751"}],"wp:attachment":[{"href":"http:\/\/osnovnaskolakrk.hr\/vrh\/index.php?rest_route=%2Fwp%2Fv2%2Fmedia&parent=3750"}],"wp:term":[{"taxonomy":"category","embeddable":true,"href":"http:\/\/osnovnaskolakrk.hr\/vrh\/index.php?rest_route=%2Fwp%2Fv2%2Fcategories&post=3750"},{"taxonomy":"post_tag","embeddable":true,"href":"http:\/\/osnovnaskolakrk.hr\/vrh\/index.php?rest_route=%2Fwp%2Fv2%2Ftags&post=3750"}],"curies":[{"name":"wp","href":"https:\/\/api.w.org\/{rel}","templated":true}]}}