{"id":3753,"date":"2020-12-18T09:33:18","date_gmt":"2020-12-18T09:33:18","guid":{"rendered":"http:\/\/osnovnaskolakrk.hr\/vrh\/?p=3753"},"modified":"2020-12-18T09:33:18","modified_gmt":"2020-12-18T09:33:18","slug":"aktivni-produzeni-boravak","status":"publish","type":"post","link":"http:\/\/osnovnaskolakrk.hr\/vrh\/?p=3753","title":{"rendered":"Aktivni produ\u017eeni boravak"},"content":{"rendered":"\n<p>Maleni prva\u0161i\u0107i i druga\u0161i\u0107i iz Produ\u017eenog boravka, uz pomo\u0107 svoje u\u010diteljice Sanje, okitili su i osvjetlili \u0161kolske hodnike i time ugodno iznenadili ostale u\u010denike i u\u010ditelje koje je ujutro do\u010dekala oki\u0107ena \u0161kola.<br> Blagdanski duh olak\u0161ao nam je  posljednje tjedne nastave pod korona mjerama!<\/p>\n\n\n\n<figure class=\"wp-container-2 wp-block-gallery-1 wp-block-gallery columns-3 is-cropped\"><ul class=\"blocks-gallery-grid\"><li class=\"blocks-gallery-item\"><figure><img loading=\"lazy\" width=\"1200\" height=\"1600\" src=\"http:\/\/osnovnaskolakrk.hr\/vrh\/wp-content\/uploads\/viber_slika_2020-12-17_18-54-53.jpg\" alt=\"\" data-id=\"3754\" data-full-url=\"http:\/\/osnovnaskolakrk.hr\/vrh\/wp-content\/uploads\/viber_slika_2020-12-17_18-54-53.jpg\" data-link=\"http:\/\/osnovnaskolakrk.hr\/vrh\/?attachment_id=3754\" class=\"wp-image-3754\" srcset=\"http:\/\/osnovnaskolakrk.hr\/vrh\/wp-content\/uploads\/viber_slika_2020-12-17_18-54-53.jpg 1200w, http:\/\/osnovnaskolakrk.hr\/vrh\/wp-content\/uploads\/viber_slika_2020-12-17_18-54-53-768x1024.jpg 768w, http:\/\/osnovnaskolakrk.hr\/vrh\/wp-content\/uploads\/viber_slika_2020-12-17_18-54-53-1152x1536.jpg 1152w, http:\/\/osnovnaskolakrk.hr\/vrh\/wp-content\/uploads\/viber_slika_2020-12-17_18-54-53-225x300.jpg 225w\" sizes=\"(max-width: 1200px) 100vw, 1200px\" \/><\/figure><\/li><li class=\"blocks-gallery-item\"><figure><img loading=\"lazy\" width=\"1200\" height=\"1600\" src=\"http:\/\/osnovnaskolakrk.hr\/vrh\/wp-content\/uploads\/viber_slika_2020-12-17_18-55-21.jpg\" alt=\"\" data-id=\"3755\" data-full-url=\"http:\/\/osnovnaskolakrk.hr\/vrh\/wp-content\/uploads\/viber_slika_2020-12-17_18-55-21.jpg\" data-link=\"http:\/\/osnovnaskolakrk.hr\/vrh\/?attachment_id=3755\" class=\"wp-image-3755\" srcset=\"http:\/\/osnovnaskolakrk.hr\/vrh\/wp-content\/uploads\/viber_slika_2020-12-17_18-55-21.jpg 1200w, http:\/\/osnovnaskolakrk.hr\/vrh\/wp-content\/uploads\/viber_slika_2020-12-17_18-55-21-768x1024.jpg 768w, http:\/\/osnovnaskolakrk.hr\/vrh\/wp-content\/uploads\/viber_slika_2020-12-17_18-55-21-1152x1536.jpg 1152w, http:\/\/osnovnaskolakrk.hr\/vrh\/wp-content\/uploads\/viber_slika_2020-12-17_18-55-21-225x300.jpg 225w\" sizes=\"(max-width: 1200px) 100vw, 1200px\" \/><\/figure><\/li><li class=\"blocks-gallery-item\"><figure><img loading=\"lazy\" width=\"1200\" height=\"1600\" src=\"http:\/\/osnovnaskolakrk.hr\/vrh\/wp-content\/uploads\/viber_slika_2020-12-17_18-55-57.jpg\" alt=\"\" data-id=\"3756\" data-full-url=\"http:\/\/osnovnaskolakrk.hr\/vrh\/wp-content\/uploads\/viber_slika_2020-12-17_18-55-57.jpg\" data-link=\"http:\/\/osnovnaskolakrk.hr\/vrh\/?attachment_id=3756\" class=\"wp-image-3756\" srcset=\"http:\/\/osnovnaskolakrk.hr\/vrh\/wp-content\/uploads\/viber_slika_2020-12-17_18-55-57.jpg 1200w, http:\/\/osnovnaskolakrk.hr\/vrh\/wp-content\/uploads\/viber_slika_2020-12-17_18-55-57-768x1024.jpg 768w, http:\/\/osnovnaskolakrk.hr\/vrh\/wp-content\/uploads\/viber_slika_2020-12-17_18-55-57-1152x1536.jpg 1152w, http:\/\/osnovnaskolakrk.hr\/vrh\/wp-content\/uploads\/viber_slika_2020-12-17_18-55-57-225x300.jpg 225w\" sizes=\"(max-width: 1200px) 100vw, 1200px\" \/><\/figure><\/li><\/ul><\/figure>\n","protected":false},"excerpt":{"rendered":"<p>Maleni prva\u0161i\u0107i i druga\u0161i\u0107i iz Produ\u017eenog boravka, uz pomo\u0107 svoje u\u010diteljice Sanje, okitili su i osvjetlili \u0161kolske hodnike i time ugodno iznenadili ostale u\u010denike i u\u010ditelje koje je ujutro do\u010dekala oki\u0107ena \u0161kola. Blagdanski duh olak\u0161ao nam je posljednje tjedne nastave pod korona mjerama!<\/p>\n","protected":false},"author":1,"featured_media":0,"comment_status":"open","ping_status":"open","sticky":false,"template":"","format":"standard","meta":[],"categories":[1],"tags":[],"_links":{"self":[{"href":"http:\/\/osnovnaskolakrk.hr\/vrh\/index.php?rest_route=\/wp\/v2\/posts\/3753"}],"collection":[{"href":"http:\/\/osnovnaskolakrk.hr\/vrh\/index.php?rest_route=\/wp\/v2\/posts"}],"about":[{"href":"http:\/\/osnovnaskolakrk.hr\/vrh\/index.php?rest_route=\/wp\/v2\/types\/post"}],"author":[{"embeddable":true,"href":"http:\/\/osnovnaskolakrk.hr\/vrh\/index.php?rest_route=\/wp\/v2\/users\/1"}],"replies":[{"embeddable":true,"href":"http:\/\/osnovnaskolakrk.hr\/vrh\/index.php?rest_route=%2Fwp%2Fv2%2Fcomments&post=3753"}],"version-history":[{"count":1,"href":"http:\/\/osnovnaskolakrk.hr\/vrh\/index.php?rest_route=\/wp\/v2\/posts\/3753\/revisions"}],"predecessor-version":[{"id":3757,"href":"http:\/\/osnovnaskolakrk.hr\/vrh\/index.php?rest_route=\/wp\/v2\/posts\/3753\/revisions\/3757"}],"wp:attachment":[{"href":"http:\/\/osnovnaskolakrk.hr\/vrh\/index.php?rest_route=%2Fwp%2Fv2%2Fmedia&parent=3753"}],"wp:term":[{"taxonomy":"category","embeddable":true,"href":"http:\/\/osnovnaskolakrk.hr\/vrh\/index.php?rest_route=%2Fwp%2Fv2%2Fcategories&post=3753"},{"taxonomy":"post_tag","embeddable":true,"href":"http:\/\/osnovnaskolakrk.hr\/vrh\/index.php?rest_route=%2Fwp%2Fv2%2Ftags&post=3753"}],"curies":[{"name":"wp","href":"https:\/\/api.w.org\/{rel}","templated":true}]}}