{"id":3767,"date":"2021-01-13T19:30:21","date_gmt":"2021-01-13T19:30:21","guid":{"rendered":"http:\/\/osnovnaskolakrk.hr\/vrh\/?p=3767"},"modified":"2021-01-13T19:30:21","modified_gmt":"2021-01-13T19:30:21","slug":"obavijest-na-pocetku-drugog-polugodista","status":"publish","type":"post","link":"http:\/\/osnovnaskolakrk.hr\/vrh\/?p=3767","title":{"rendered":"Obavijest na po\u010detku drugog polugodi\u0161ta"},"content":{"rendered":"\n<div class=\"wp-block-image is-style-circle-mask\"><figure class=\"aligncenter size-large\"><img loading=\"lazy\" width=\"1000\" height=\"500\" src=\"http:\/\/osnovnaskolakrk.hr\/vrh\/wp-content\/uploads\/2or.jpg\" alt=\"\" class=\"wp-image-3769\" srcset=\"http:\/\/osnovnaskolakrk.hr\/vrh\/wp-content\/uploads\/2or.jpg 1000w, http:\/\/osnovnaskolakrk.hr\/vrh\/wp-content\/uploads\/2or-768x384.jpg 768w, http:\/\/osnovnaskolakrk.hr\/vrh\/wp-content\/uploads\/2or-500x250.jpg 500w\" sizes=\"(max-width: 1000px) 100vw, 1000px\" \/><\/figure><\/div>\n\n\n\n<p>Po\u0161tovani roditelji! Dragi u\u010denici!<\/p>\n\n\n\n<p>Obavje\u0161tavamo vas da \u0107e se od 18. do 29. sije\u010dnja 2021.\ngodine nastava za u\u010denike od 5. do 8. razreda odr\u017eavati po Modelu C (nastava na\ndaljinu), prema odluci \u017eupana Primorsko-goranske \u017eupanije Zlatka Komadine.\nU\u010denici od 1. do 4. razreda nastavu \u0107e imati u \u0161koli. <\/p>\n\n\n\n<p>Uz \u017eelju za skori povratak svih u\u010ditelja i u\u010denika u \u0161kolu, sretan i uspje\u0161an nastavak \u0161kolske godine!<\/p>\n\n\n\n<div class=\"wp-block-file\"><a href=\"http:\/\/osnovnaskolakrk.hr\/vrh\/wp-content\/uploads\/ODLUKE-MODEL-C-O\u0160-1.pdf\">ODLUKE-MODEL-C-O\u0160-1<\/a><a href=\"http:\/\/osnovnaskolakrk.hr\/vrh\/wp-content\/uploads\/ODLUKE-MODEL-C-O\u0160-1.pdf\" class=\"wp-block-file__button\" download>Preuzmi<\/a><\/div>\n","protected":false},"excerpt":{"rendered":"<p>Po\u0161tovani roditelji! Dragi u\u010denici! Obavje\u0161tavamo vas da \u0107e se od 18. do 29. sije\u010dnja 2021. godine nastava za u\u010denike od 5. do 8. razreda odr\u017eavati po Modelu C (nastava na daljinu), prema odluci \u017eupana Primorsko-goranske \u017eupanije Zlatka Komadine. U\u010denici od 1. do 4. razreda nastavu \u0107e imati u \u0161koli. Uz \u017eelju za skori povratak svih [&hellip;]<\/p>\n","protected":false},"author":1,"featured_media":0,"comment_status":"open","ping_status":"open","sticky":false,"template":"","format":"standard","meta":[],"categories":[1],"tags":[],"_links":{"self":[{"href":"http:\/\/osnovnaskolakrk.hr\/vrh\/index.php?rest_route=\/wp\/v2\/posts\/3767"}],"collection":[{"href":"http:\/\/osnovnaskolakrk.hr\/vrh\/index.php?rest_route=\/wp\/v2\/posts"}],"about":[{"href":"http:\/\/osnovnaskolakrk.hr\/vrh\/index.php?rest_route=\/wp\/v2\/types\/post"}],"author":[{"embeddable":true,"href":"http:\/\/osnovnaskolakrk.hr\/vrh\/index.php?rest_route=\/wp\/v2\/users\/1"}],"replies":[{"embeddable":true,"href":"http:\/\/osnovnaskolakrk.hr\/vrh\/index.php?rest_route=%2Fwp%2Fv2%2Fcomments&post=3767"}],"version-history":[{"count":2,"href":"http:\/\/osnovnaskolakrk.hr\/vrh\/index.php?rest_route=\/wp\/v2\/posts\/3767\/revisions"}],"predecessor-version":[{"id":3771,"href":"http:\/\/osnovnaskolakrk.hr\/vrh\/index.php?rest_route=\/wp\/v2\/posts\/3767\/revisions\/3771"}],"wp:attachment":[{"href":"http:\/\/osnovnaskolakrk.hr\/vrh\/index.php?rest_route=%2Fwp%2Fv2%2Fmedia&parent=3767"}],"wp:term":[{"taxonomy":"category","embeddable":true,"href":"http:\/\/osnovnaskolakrk.hr\/vrh\/index.php?rest_route=%2Fwp%2Fv2%2Fcategories&post=3767"},{"taxonomy":"post_tag","embeddable":true,"href":"http:\/\/osnovnaskolakrk.hr\/vrh\/index.php?rest_route=%2Fwp%2Fv2%2Ftags&post=3767"}],"curies":[{"name":"wp","href":"https:\/\/api.w.org\/{rel}","templated":true}]}}