{"id":3773,"date":"2021-01-21T17:05:10","date_gmt":"2021-01-21T17:05:10","guid":{"rendered":"http:\/\/osnovnaskolakrk.hr\/vrh\/?p=3773"},"modified":"2021-01-21T17:05:10","modified_gmt":"2021-01-21T17:05:10","slug":"javni-poziv-prijave-za-upis-u-prvi-razred-os-fran-krsto-frankopan-krk","status":"publish","type":"post","link":"http:\/\/osnovnaskolakrk.hr\/vrh\/?p=3773","title":{"rendered":"Javni poziv \u2013 prijave za upis u prvi razred O\u0160 \u201cFran Krsto Frankopan\u201d Krk"},"content":{"rendered":"\n<figure class=\"wp-block-image size-large is-style-circle-mask\"><img loading=\"lazy\" width=\"250\" height=\"167\" src=\"http:\/\/osnovnaskolakrk.hr\/vrh\/wp-content\/uploads\/Slika1.jpg\" alt=\"\" class=\"wp-image-3774\"\/><\/figure>\n\n\n\n<p>Po\u0161tovani roditelji\nbudu\u0107ih prva\u0161i\u010da,<\/p>\n\n\n\n<p>objavljujemo\nJavni poziv za prijavu za upis u prvi razred na\u0161e \u0161kole te upute o na\u010dinu\nprijave koji je, obzirom na epidemiolo\u0161ku situaciju, ove godine ne\u0161to druga\u010diji\nnego ina\u010de.<\/p>\n\n\n\n<p>.<\/p>\n\n\n\n<p><strong>JAVNI\nPOZIV ZA PRIJAVU DJECE \u0160KOLSKIH OBVEZNIKA<br>\nZA \u0160KOLSKU GODINU 2021\/22.<\/strong><\/p>\n\n\n\n<p>Pozivamo\nroditelje djece koji su \u0161kolski obveznici za \u0161kolsku godinu 2021\/22. ro\u0111ene od<br>\n<strong>1.\ntravnja 2014. godine do 31. o\u017eujka 2015. godine<\/strong><br>\nna\nobvezu utvr\u0111ivanja psihofizi\u010dkog stanja djeteta radi upisa u 1. razred osnovne\n\u0161kole.<\/p>\n\n\n\n<p>Prema\nplanu upisa djece u prvi razred osnovne \u0161kole koje je donio Upravni odjel za\nodgoj i obrazovanje u Primorsko-goranskoj \u017eupaniji&nbsp;<strong>prijave za upis u\nprvi razred O\u0160 \u201eFran Krsto Frankopan\u201c Krk<\/strong>&nbsp;bit \u0107e omogu\u0107ene&nbsp;<strong>elektronskim\nputem<\/strong><\/p>\n\n\n\n<p><strong>od 25.\ndo 29. sije\u010dnja 2021. godine<\/strong><\/p>\n\n\n\n<p>Prijave\nje mogu\u0107e izvr\u0161iti preko web stranice \u0161kole,&nbsp;<a href=\"http:\/\/osnovnaskolakrk.hr\/\">osnovnaskolakrk.hr<\/a>&nbsp;klikom\nna&nbsp;<strong><a href=\"https:\/\/docs.google.com\/forms\/d\/e\/1FAIpQLSemVzguyQhq-Z4wQ2P9UV72hUSlhYLOeV1S86PHHnvyR5vqUw\/viewform?vc=0&amp;c=0&amp;w=1&amp;flr=0\" target=\"_blank\" rel=\"noreferrer noopener\">OBRAZAC<\/a><\/strong>.<\/p>\n\n\n\n<p>Za one\nroditelje koji nisu u mogu\u0107nosti na elektronski na\u010din prijaviti dijete omogu\u0107it\n\u0107e se od 25. do 29. sije\u010dnja 2021. godine&nbsp;<strong>od 11,00 sati do 12,00 sati<\/strong>&nbsp;prijava\nputem telefonskog broja 051\/661-946. Prije poziva potrebno je pripremiti OIB\ndjeteta te podatak o e-mail adresi zbog daljnjeg kontakta.<\/p>\n\n\n\n<p>Prilikom\nprijava, te razvrstavanja prijavljenih \u0161kolskih obveznika potrebno je voditi\nra\u010duna o upisnom podru\u010dju pojedine podru\u010dne \u0161kole i mati\u010dne \u0161kole te\nprijavljenom prebivali\u0161tu \u0161kolskog obveznika.<\/p>\n\n\n\n<p>Upisna\npodru\u010dja O\u0160 \u201eFran Krsto Frankopan\u201c Krk su slijede\u0107a:<\/p>\n\n\n\n<ul><li><strong>M\u0160\n     Krk<\/strong>&nbsp;\u2013 Krk, Korni\u0107, Muraj, Lakmartin<\/li><li><strong>P\u0160\n     Vrh<\/strong>&nbsp;\u2013 Vrh, Salati\u0107i, Kosi\u0107i,\n     Skrp\u010di\u0107i, Pinezi\u0107i, Baj\u010di\u0107i,&nbsp;Brusi\u0107i, Linardi\u0107i, \u017dgalji\u0107i, Milohni\u0107i,\n     Brzac, Poljica, Nenadi\u0107i<\/li><li><strong>P\u0160\n     Punat<\/strong>&nbsp;\u2013 Punat, Stara Ba\u0161ka, Korni\u0107,\n     Muraj<\/li><li><strong>P\u0160\n     Ba\u0161ka<\/strong>&nbsp;\u2013 Draga Ba\u0161ka, Jurandvor,\n     Batomalj, Ba\u0161ka<\/li><li><strong>P\u0160\n     Vrbnik<\/strong>&nbsp;\u2013 Vrbnik, Risika, Garica,\n     Kampelje<\/li><\/ul>\n\n\n\n<p>Nakon\nizvr\u0161enih prijava roditelji \u0107e biti obavije\u0161teni putem elektronske po\u0161te, koje\nsu naveli u prijavi, o mjestu i terminima za lije\u010dni\u010dki pregled djeteta te\ntestiranju kod \u0161kolskog psihologa.<\/p>\n\n\n\n<p>Upute i\nobrasci za cjelokupni predupisni i upisni postupak u osnovnu \u0161kolu bit \u0107e u\nnarednom razdoblju objavljeni na web stranici \u0161kole.<\/p>\n","protected":false},"excerpt":{"rendered":"<p>Po\u0161tovani roditelji budu\u0107ih prva\u0161i\u010da, objavljujemo Javni poziv za prijavu za upis u prvi razred na\u0161e \u0161kole te upute o na\u010dinu prijave koji je, obzirom na epidemiolo\u0161ku situaciju, ove godine ne\u0161to druga\u010diji nego ina\u010de. . JAVNI POZIV ZA PRIJAVU DJECE \u0160KOLSKIH OBVEZNIKA ZA \u0160KOLSKU GODINU 2021\/22. Pozivamo roditelje djece koji su \u0161kolski obveznici za \u0161kolsku godinu [&hellip;]<\/p>\n","protected":false},"author":1,"featured_media":0,"comment_status":"open","ping_status":"open","sticky":false,"template":"","format":"standard","meta":[],"categories":[1],"tags":[],"_links":{"self":[{"href":"http:\/\/osnovnaskolakrk.hr\/vrh\/index.php?rest_route=\/wp\/v2\/posts\/3773"}],"collection":[{"href":"http:\/\/osnovnaskolakrk.hr\/vrh\/index.php?rest_route=\/wp\/v2\/posts"}],"about":[{"href":"http:\/\/osnovnaskolakrk.hr\/vrh\/index.php?rest_route=\/wp\/v2\/types\/post"}],"author":[{"embeddable":true,"href":"http:\/\/osnovnaskolakrk.hr\/vrh\/index.php?rest_route=\/wp\/v2\/users\/1"}],"replies":[{"embeddable":true,"href":"http:\/\/osnovnaskolakrk.hr\/vrh\/index.php?rest_route=%2Fwp%2Fv2%2Fcomments&post=3773"}],"version-history":[{"count":1,"href":"http:\/\/osnovnaskolakrk.hr\/vrh\/index.php?rest_route=\/wp\/v2\/posts\/3773\/revisions"}],"predecessor-version":[{"id":3775,"href":"http:\/\/osnovnaskolakrk.hr\/vrh\/index.php?rest_route=\/wp\/v2\/posts\/3773\/revisions\/3775"}],"wp:attachment":[{"href":"http:\/\/osnovnaskolakrk.hr\/vrh\/index.php?rest_route=%2Fwp%2Fv2%2Fmedia&parent=3773"}],"wp:term":[{"taxonomy":"category","embeddable":true,"href":"http:\/\/osnovnaskolakrk.hr\/vrh\/index.php?rest_route=%2Fwp%2Fv2%2Fcategories&post=3773"},{"taxonomy":"post_tag","embeddable":true,"href":"http:\/\/osnovnaskolakrk.hr\/vrh\/index.php?rest_route=%2Fwp%2Fv2%2Ftags&post=3773"}],"curies":[{"name":"wp","href":"https:\/\/api.w.org\/{rel}","templated":true}]}}