{"id":3776,"date":"2021-01-27T20:08:21","date_gmt":"2021-01-27T20:08:21","guid":{"rendered":"http:\/\/osnovnaskolakrk.hr\/vrh\/?p=3776"},"modified":"2021-01-27T20:08:21","modified_gmt":"2021-01-27T20:08:21","slug":"povratak-ucenika-u-skole","status":"publish","type":"post","link":"http:\/\/osnovnaskolakrk.hr\/vrh\/?p=3776","title":{"rendered":"POVRATAK U\u010cENIKA U \u0160KOLE!"},"content":{"rendered":"\n<p>Dragi u\u010denici! Po\u0161tovani roditelji!<\/p>\n\n\n\n<p>Temeljem odluke \u017eupana\nPrimorsko-goranske \u017eupanije, od 1. do 12. velja\u010de 2021. godine, za svu djecu od\n1. do 8. razreda O\u0160 nastava \u0107e se odr\u017eavati prema modelu A (nastava u\u017eivo).<\/p>\n\n\n\n<p>Epidemiolo\u0161ke mjere ostaju i dalje na\nsnazi. <\/p>\n\n\n\n<p>Sretan povratak u \u0161kolske klupe!<\/p>\n\n\n\n<div class=\"wp-block-file\"><a href=\"http:\/\/osnovnaskolakrk.hr\/vrh\/wp-content\/uploads\/Odluka_O\u0160_27012021.pdf\">Odluka_O\u0160_27012021<\/a><a href=\"http:\/\/osnovnaskolakrk.hr\/vrh\/wp-content\/uploads\/Odluka_O\u0160_27012021.pdf\" class=\"wp-block-file__button\" download>Preuzmi<\/a><\/div>\n","protected":false},"excerpt":{"rendered":"<p>Dragi u\u010denici! Po\u0161tovani roditelji! Temeljem odluke \u017eupana Primorsko-goranske \u017eupanije, od 1. do 12. velja\u010de 2021. godine, za svu djecu od 1. do 8. razreda O\u0160 nastava \u0107e se odr\u017eavati prema modelu A (nastava u\u017eivo). Epidemiolo\u0161ke mjere ostaju i dalje na snazi. Sretan povratak u \u0161kolske klupe!<\/p>\n","protected":false},"author":1,"featured_media":0,"comment_status":"open","ping_status":"open","sticky":false,"template":"","format":"standard","meta":[],"categories":[1],"tags":[],"_links":{"self":[{"href":"http:\/\/osnovnaskolakrk.hr\/vrh\/index.php?rest_route=\/wp\/v2\/posts\/3776"}],"collection":[{"href":"http:\/\/osnovnaskolakrk.hr\/vrh\/index.php?rest_route=\/wp\/v2\/posts"}],"about":[{"href":"http:\/\/osnovnaskolakrk.hr\/vrh\/index.php?rest_route=\/wp\/v2\/types\/post"}],"author":[{"embeddable":true,"href":"http:\/\/osnovnaskolakrk.hr\/vrh\/index.php?rest_route=\/wp\/v2\/users\/1"}],"replies":[{"embeddable":true,"href":"http:\/\/osnovnaskolakrk.hr\/vrh\/index.php?rest_route=%2Fwp%2Fv2%2Fcomments&post=3776"}],"version-history":[{"count":2,"href":"http:\/\/osnovnaskolakrk.hr\/vrh\/index.php?rest_route=\/wp\/v2\/posts\/3776\/revisions"}],"predecessor-version":[{"id":3779,"href":"http:\/\/osnovnaskolakrk.hr\/vrh\/index.php?rest_route=\/wp\/v2\/posts\/3776\/revisions\/3779"}],"wp:attachment":[{"href":"http:\/\/osnovnaskolakrk.hr\/vrh\/index.php?rest_route=%2Fwp%2Fv2%2Fmedia&parent=3776"}],"wp:term":[{"taxonomy":"category","embeddable":true,"href":"http:\/\/osnovnaskolakrk.hr\/vrh\/index.php?rest_route=%2Fwp%2Fv2%2Fcategories&post=3776"},{"taxonomy":"post_tag","embeddable":true,"href":"http:\/\/osnovnaskolakrk.hr\/vrh\/index.php?rest_route=%2Fwp%2Fv2%2Ftags&post=3776"}],"curies":[{"name":"wp","href":"https:\/\/api.w.org\/{rel}","templated":true}]}}