{"id":3880,"date":"2021-03-17T21:19:08","date_gmt":"2021-03-17T21:19:08","guid":{"rendered":"http:\/\/osnovnaskolakrk.hr\/vrh\/?p=3880"},"modified":"2021-03-17T21:22:51","modified_gmt":"2021-03-17T21:22:51","slug":"organizacija-nastave-od-22-3-2021","status":"publish","type":"post","link":"http:\/\/osnovnaskolakrk.hr\/vrh\/?p=3880","title":{"rendered":"Organizacija nastave od 22.3.2021."},"content":{"rendered":"\n<p><img loading=\"lazy\" width=\"1315\" height=\"902\" class=\"wp-image-3881\" style=\"width: 150px;\" src=\"http:\/\/osnovnaskolakrk.hr\/vrh\/wp-content\/uploads\/web-nastava-e1616015815882.jpg\" alt=\"\" srcset=\"http:\/\/osnovnaskolakrk.hr\/vrh\/wp-content\/uploads\/web-nastava-e1616015815882.jpg 1315w, http:\/\/osnovnaskolakrk.hr\/vrh\/wp-content\/uploads\/web-nastava-e1616015815882-768x527.jpg 768w, http:\/\/osnovnaskolakrk.hr\/vrh\/wp-content\/uploads\/web-nastava-e1616015815882-624x428.jpg 624w\" sizes=\"(max-width: 1315px) 100vw, 1315px\" \/><strong>Dragi u\u010denici i roditelji!<\/strong><\/p>\n\n\n\n<p>Obavje\u0161tavamo Vas \u0107e se od 22. o\u017eujka do 2. travnja 2021. godine nastava za sve u\u010denike <strong>PREDMETNE<\/strong> nastave u osnovnim \u0161kolama kojima je osniva\u010d Primorsko-goranska \u017eupanija odr\u017eavati prema Modelu C (nastava na daljinu). <\/p>\n\n\n\n<p>Molimo u\u010denike od 5. do 8. razreda da se od ponedjeljka redovito uklju\u010duju u nastavu prema rasporedu u u\u010dionice Classrooma.<br>\nObavje\u0161tavamo roditelje da se neprisutstvo u nastavi na daljinu bilje\u017ei kao izostanak u redovnu rubriku u e-dnevniku osim ako roditelj sam unaprijed ne opravda u\u010denikov izostavak ili obavijesti razrednika o razlogu izostanka.<\/p>\n\n\n\n<p>Za u\u010denike <strong>RAZREDNE<\/strong> nastave, nastava \u0107e biti od ponedjeljka 22. o\u017eujka organizirana prema redovnom rasporedu u \u0161koli.<\/p>\n\n\n\n<p>Molimo roditelje da i dalje javljate razredniku ukoliko je va\u0161em djetetu od strane epidemiologa ili obiteljskog lije\u010dnika propisana mjera samoizolacije i do kada, te ukoliko je u\u010denik pozitivan i do kada mu je propisana izolacija. Tako\u0111er javite ako se situacija promijeni zbog vo\u0111enja \u0161kolske evidencije i organizacije rada.<\/p>\n\n\n\n<p>Za sva pitanja smo otvoreni i spremni pomo\u0107i.<br> \u010cuvajmo jedni druge i budimo odgovorni!<\/p>\n\n\n\n<p>Va\u0161i u\u010ditelji!<\/p>\n\n\n\n<div class=\"wp-block-file\"><a href=\"http:\/\/osnovnaskolakrk.hr\/vrh\/wp-content\/uploads\/Odluka-\u017dupana-PG\u017d-o-organizaciji-nastave-od-22.3.2021..pdf\">Odluka-\u017dupana-PG\u017d-o-organizaciji-nastave-od-22.3.2021.<\/a><a href=\"http:\/\/osnovnaskolakrk.hr\/vrh\/wp-content\/uploads\/Odluka-\u017dupana-PG\u017d-o-organizaciji-nastave-od-22.3.2021..pdf\" class=\"wp-block-file__button\" download>Preuzmi<\/a><\/div>\n","protected":false},"excerpt":{"rendered":"<p>Dragi u\u010denici i roditelji! Obavje\u0161tavamo Vas \u0107e se od 22. o\u017eujka do 2. travnja 2021. godine nastava za sve u\u010denike PREDMETNE nastave u osnovnim \u0161kolama kojima je osniva\u010d Primorsko-goranska \u017eupanija odr\u017eavati prema Modelu C (nastava na daljinu). Molimo u\u010denike od 5. do 8. razreda da se od ponedjeljka redovito uklju\u010duju u nastavu prema rasporedu u [&hellip;]<\/p>\n","protected":false},"author":1,"featured_media":0,"comment_status":"open","ping_status":"open","sticky":false,"template":"","format":"standard","meta":[],"categories":[1],"tags":[],"_links":{"self":[{"href":"http:\/\/osnovnaskolakrk.hr\/vrh\/index.php?rest_route=\/wp\/v2\/posts\/3880"}],"collection":[{"href":"http:\/\/osnovnaskolakrk.hr\/vrh\/index.php?rest_route=\/wp\/v2\/posts"}],"about":[{"href":"http:\/\/osnovnaskolakrk.hr\/vrh\/index.php?rest_route=\/wp\/v2\/types\/post"}],"author":[{"embeddable":true,"href":"http:\/\/osnovnaskolakrk.hr\/vrh\/index.php?rest_route=\/wp\/v2\/users\/1"}],"replies":[{"embeddable":true,"href":"http:\/\/osnovnaskolakrk.hr\/vrh\/index.php?rest_route=%2Fwp%2Fv2%2Fcomments&post=3880"}],"version-history":[{"count":2,"href":"http:\/\/osnovnaskolakrk.hr\/vrh\/index.php?rest_route=\/wp\/v2\/posts\/3880\/revisions"}],"predecessor-version":[{"id":3885,"href":"http:\/\/osnovnaskolakrk.hr\/vrh\/index.php?rest_route=\/wp\/v2\/posts\/3880\/revisions\/3885"}],"wp:attachment":[{"href":"http:\/\/osnovnaskolakrk.hr\/vrh\/index.php?rest_route=%2Fwp%2Fv2%2Fmedia&parent=3880"}],"wp:term":[{"taxonomy":"category","embeddable":true,"href":"http:\/\/osnovnaskolakrk.hr\/vrh\/index.php?rest_route=%2Fwp%2Fv2%2Fcategories&post=3880"},{"taxonomy":"post_tag","embeddable":true,"href":"http:\/\/osnovnaskolakrk.hr\/vrh\/index.php?rest_route=%2Fwp%2Fv2%2Ftags&post=3880"}],"curies":[{"name":"wp","href":"https:\/\/api.w.org\/{rel}","templated":true}]}}