{"id":3899,"date":"2021-04-09T13:03:23","date_gmt":"2021-04-09T13:03:23","guid":{"rendered":"http:\/\/osnovnaskolakrk.hr\/vrh\/?p=3899"},"modified":"2021-04-09T13:03:23","modified_gmt":"2021-04-09T13:03:23","slug":"nastava-nakon-proljetnog-odmora","status":"publish","type":"post","link":"http:\/\/osnovnaskolakrk.hr\/vrh\/?p=3899","title":{"rendered":"Nastava nakon proljetnog odmora"},"content":{"rendered":"\n<p>Dragi u\u010denici i\nroditelji!<\/p>\n\n\n\n<p>Unato\u010d\nna\u0161im nadama da \u0107emo se nakon proljetnog odmora vidjeti u \u0161koli, donesena je\nodluka \u017dupana o odr\u017eavanju nastave&nbsp;<strong>prema\nModelu C za SVE razrede osnovne \u0161kole<\/strong>, <\/p>\n\n\n\n<p>Dakle,&nbsp;<strong>od ponedjeljka 12. travnja<\/strong>&nbsp;nastava\nse odvija prema ustaljenom online modelu \u2013 u\u010denici predmetne nastave\nkomunicirat \u0107e s u\u010diteljima putem classroom u\u010dionica, a u\u010denici razredne\nnastave prema dogovoru sa svojim u\u010diteljicama.<\/p>\n\n\n\n<p>Iznimno,\nza u\u010denike RN \u010diji roditelji nemaju mogu\u0107nost organiziranja boravka djeteta kod\nku\u0107e \u0161kola \u0107e organizirati produ\u017eeni boravak \u2013 roditelji javite se razrednicima\nradi dogovora i organizacije.<\/p>\n\n\n\n<p>Obavje\u0161tavamo\nroditelje da se neprisustvo u nastavi na daljinu bilje\u017ei kao izostanak u\nredovnu rubriku u e-dnevniku osim ako roditelj sam unaprijed ne opravda\nu\u010denikov izostanak ili obavijesti razrednika o razlogu izostanka.<\/p>\n\n\n\n<p>Molimo roditelje da i\ndalje javljaju razredniku ukoliko je njihovom djetetu od strane epidemiologa\nili obiteljskog lije\u010dnika propisana mjera samoizolacije i do kada, te ukoliko\nje u\u010denik pozitivan i do kada mu je propisana izolacija. Tako\u0111er javite ako se\nsituacija promijeni zbog vo\u0111enja \u0161kolske evidencije i organizacije rada.<\/p>\n\n\n\n<p><strong>Ova\nje odluka za sada donesena samo za sljede\u0107i tjedan, od 12. do 16. travnja<\/strong>. O\nsvim novim odlukama \u0107emo vas pravovremeno obavje\u0161tavati.<\/p>\n\n\n\n<p>Ostanite\nodgovorni i poslu\u0161ajte upute o maksimalnom suzdr\u017eavanju od socijalnih kontakata\nkako bismo svi ostali zdravi i \u0161to prije se vratili u \u0161kolske klupe!<\/p>\n","protected":false},"excerpt":{"rendered":"<p>Dragi u\u010denici i roditelji! Unato\u010d na\u0161im nadama da \u0107emo se nakon proljetnog odmora vidjeti u \u0161koli, donesena je odluka \u017dupana o odr\u017eavanju nastave&nbsp;prema Modelu C za SVE razrede osnovne \u0161kole, Dakle,&nbsp;od ponedjeljka 12. travnja&nbsp;nastava se odvija prema ustaljenom online modelu \u2013 u\u010denici predmetne nastave komunicirat \u0107e s u\u010diteljima putem classroom u\u010dionica, a u\u010denici razredne nastave [&hellip;]<\/p>\n","protected":false},"author":1,"featured_media":0,"comment_status":"open","ping_status":"open","sticky":false,"template":"","format":"standard","meta":[],"categories":[1],"tags":[],"_links":{"self":[{"href":"http:\/\/osnovnaskolakrk.hr\/vrh\/index.php?rest_route=\/wp\/v2\/posts\/3899"}],"collection":[{"href":"http:\/\/osnovnaskolakrk.hr\/vrh\/index.php?rest_route=\/wp\/v2\/posts"}],"about":[{"href":"http:\/\/osnovnaskolakrk.hr\/vrh\/index.php?rest_route=\/wp\/v2\/types\/post"}],"author":[{"embeddable":true,"href":"http:\/\/osnovnaskolakrk.hr\/vrh\/index.php?rest_route=\/wp\/v2\/users\/1"}],"replies":[{"embeddable":true,"href":"http:\/\/osnovnaskolakrk.hr\/vrh\/index.php?rest_route=%2Fwp%2Fv2%2Fcomments&post=3899"}],"version-history":[{"count":1,"href":"http:\/\/osnovnaskolakrk.hr\/vrh\/index.php?rest_route=\/wp\/v2\/posts\/3899\/revisions"}],"predecessor-version":[{"id":3900,"href":"http:\/\/osnovnaskolakrk.hr\/vrh\/index.php?rest_route=\/wp\/v2\/posts\/3899\/revisions\/3900"}],"wp:attachment":[{"href":"http:\/\/osnovnaskolakrk.hr\/vrh\/index.php?rest_route=%2Fwp%2Fv2%2Fmedia&parent=3899"}],"wp:term":[{"taxonomy":"category","embeddable":true,"href":"http:\/\/osnovnaskolakrk.hr\/vrh\/index.php?rest_route=%2Fwp%2Fv2%2Fcategories&post=3899"},{"taxonomy":"post_tag","embeddable":true,"href":"http:\/\/osnovnaskolakrk.hr\/vrh\/index.php?rest_route=%2Fwp%2Fv2%2Ftags&post=3899"}],"curies":[{"name":"wp","href":"https:\/\/api.w.org\/{rel}","templated":true}]}}