{"id":4448,"date":"2022-10-12T07:57:12","date_gmt":"2022-10-12T07:57:12","guid":{"rendered":"http:\/\/osnovnaskolakrk.hr\/vrh\/?p=4448"},"modified":"2022-10-12T08:00:04","modified_gmt":"2022-10-12T08:00:04","slug":"svjetski-dani-mentalnog-zdravlja-10-listopad","status":"publish","type":"post","link":"http:\/\/osnovnaskolakrk.hr\/vrh\/?p=4448","title":{"rendered":"Svjetski dani mentalnog zdravlja (10. listopad)"},"content":{"rendered":"\n<figure class=\"wp-block-image size-full is-resized is-style-default\"><img loading=\"lazy\" src=\"http:\/\/osnovnaskolakrk.hr\/vrh\/wp-content\/uploads\/mentalno-zdravlje.png\" alt=\"\" class=\"wp-image-4450\" width=\"163\" height=\"201\"\/><\/figure>\n\n\n\n<p>Povodom obilje\u017eavanja Svjetskog dana mentalnog zdravlja na\u0161a \u0161kolska psihologinja Iva \u017du\u017ei\u0107 dijeli s vama nekoliko informacija i dobrih savjeta koje mo\u017eete vidjeti\u00a0<a href=\"http:\/\/osnovnaskolakrk.hr\/punat\/wp-content\/uploads\/2022\/10\/Svjetski-dan-mentalnog-zdravlja.pdf\">OVDJE<\/a>.<\/p>\n","protected":false},"excerpt":{"rendered":"<p>Povodom obilje\u017eavanja Svjetskog dana mentalnog zdravlja na\u0161a \u0161kolska psihologinja Iva \u017du\u017ei\u0107 dijeli s vama nekoliko informacija i dobrih savjeta koje mo\u017eete vidjeti\u00a0OVDJE.<\/p>\n","protected":false},"author":1,"featured_media":0,"comment_status":"open","ping_status":"open","sticky":false,"template":"","format":"standard","meta":[],"categories":[1],"tags":[],"_links":{"self":[{"href":"http:\/\/osnovnaskolakrk.hr\/vrh\/index.php?rest_route=\/wp\/v2\/posts\/4448"}],"collection":[{"href":"http:\/\/osnovnaskolakrk.hr\/vrh\/index.php?rest_route=\/wp\/v2\/posts"}],"about":[{"href":"http:\/\/osnovnaskolakrk.hr\/vrh\/index.php?rest_route=\/wp\/v2\/types\/post"}],"author":[{"embeddable":true,"href":"http:\/\/osnovnaskolakrk.hr\/vrh\/index.php?rest_route=\/wp\/v2\/users\/1"}],"replies":[{"embeddable":true,"href":"http:\/\/osnovnaskolakrk.hr\/vrh\/index.php?rest_route=%2Fwp%2Fv2%2Fcomments&post=4448"}],"version-history":[{"count":2,"href":"http:\/\/osnovnaskolakrk.hr\/vrh\/index.php?rest_route=\/wp\/v2\/posts\/4448\/revisions"}],"predecessor-version":[{"id":4451,"href":"http:\/\/osnovnaskolakrk.hr\/vrh\/index.php?rest_route=\/wp\/v2\/posts\/4448\/revisions\/4451"}],"wp:attachment":[{"href":"http:\/\/osnovnaskolakrk.hr\/vrh\/index.php?rest_route=%2Fwp%2Fv2%2Fmedia&parent=4448"}],"wp:term":[{"taxonomy":"category","embeddable":true,"href":"http:\/\/osnovnaskolakrk.hr\/vrh\/index.php?rest_route=%2Fwp%2Fv2%2Fcategories&post=4448"},{"taxonomy":"post_tag","embeddable":true,"href":"http:\/\/osnovnaskolakrk.hr\/vrh\/index.php?rest_route=%2Fwp%2Fv2%2Ftags&post=4448"}],"curies":[{"name":"wp","href":"https:\/\/api.w.org\/{rel}","templated":true}]}}