{"id":4696,"date":"2023-06-09T20:24:09","date_gmt":"2023-06-09T20:24:09","guid":{"rendered":"http:\/\/osnovnaskolakrk.hr\/vrh\/?p=4696"},"modified":"2023-06-09T20:26:59","modified_gmt":"2023-06-09T20:26:59","slug":"obavijest-o-upisu-ucenika-u-program-produzenog-boravka","status":"publish","type":"post","link":"http:\/\/osnovnaskolakrk.hr\/vrh\/?p=4696","title":{"rendered":"Obavijest o upisu u\u010denika u program produ\u017eenog boravka"},"content":{"rendered":"\n<p>Sukladno Odluci o organizaciji i na\u010dinu provedbe programa produ\u017eenog boravka u osnovnim \u0161kolama kojima je Primorsko \u2013 goranska \u017eupanija osniva\u010d, \u0160kolski odbor donio je odluku o novom na\u010dinu upisa u\u010denika od 1. do 4. razreda u program produ\u017eenog boravka O\u0160 \u201eFran Krsto Frankopan\u201c Krk, Podru\u010dne \u0161kole Vrh za \u0161kolsku godinu 2023.\/2024.<\/p>\n\n\n\n<!--more-->\n\n\n\n<p><strong><u>Prednost pri uklju\u010divanju u program produ\u017eenog boravka imaju u\u010denici:<\/u><\/strong><\/p>\n\n\n\n<ol type=\"1\"><li>upisani u podru\u010dnu \u0161kolu Vrh<\/li><li>zaposlenih roditelja s prebivali\u0161tem na podru\u010dju jedinice lokalne samouprave koja sufinancira program produ\u017eenog boravka,<\/li><li>prvog, drugog i tre\u0107eg razreda,<\/li><li>samohranog zaposlenog roditelja,<\/li><li>zaposlenog roditelja u jednoroditeljskoj obitelji,<\/li><li>smje\u0161ten u udomiteljskoj obitelji,<\/li><li>\u010diji brat ili sestra ve\u0107 poha\u0111a produ\u017eeni boravak u \u0161koli.<\/li><li>Ukoliko ve\u0107i broj u\u010denika ispunjava kriterije iz prethodnih stavaka prednost imaju u\u010denici iz obitelji s vi\u0161e djece koja se redovito \u0161koluju.<\/li><\/ol>\n\n\n\n<p><strong><u>Roditelj je kod prijavljivanja u\u010denika u program produ\u017eenog boravka obvezan dostaviti sljede\u0107u<\/u><\/strong><strong>&nbsp;<u>dokumentaciju:<\/u><\/strong><\/p>\n\n\n\n<ul><li>obrazac za prijavu nalazi se na kraju teksta<\/li><li>potvrdu o prebivali\u0161tu u\u010denika (ne stariju od mjesec dana) ili presliku va\u017ee\u0107e osobne iskaznice u\u010denika<\/li><li>Potvrdu Hrvatskog zavoda za mirovinsko osiguranje ili Elektroni\u010dki zapis Hrvatskog zavoda za mirovinsko osiguranje o trenuta\u010dnom zaposlenju oba roditelja (ne starije od mjesec dana)<\/li><li>za dijete samohranog roditelja- izvadak iz matice ro\u0111enih roditelja (ne stariji od mjesec dana), smrtni list za preminulog roditelja, potvrda o nestanku drugog roditelja ili rje\u0161enje Centra za socijalnu skrb o privremenom uzdr\u017eavanju (dr\u017eavna privremena alimentacija) ili drugu javnu ispravu kojom se dokazuje da roditelj sam skrbi i uzdr\u017eava dijete<\/li><li>za dijete u udomiteljskim obiteljima- rje\u0161enje\/potvrda Centra za socijalnu skrb<\/li><li>za dijete iz obitelji s vi\u0161e djece koja se redovno \u0161koluju \u2013 rodne listove ili izvatke iz matice ro\u0111enih ostale malodobne djece<\/li><\/ul>\n\n\n\n<p><strong>Potrebnu dokumentaciju roditelji mogu poslati elektronskim putem (e-mailom) na adresu&nbsp;<u><a href=\"mailto:produzeni-boravak-vrh@os-fkfrankopan-krk.skole.hr\">produzeni-boravak-vrh@os-fkfrankopan-krk.skole.hr<\/a> <\/u>do 30.06.2023.g. ili osobno donijeti u \u0161kolu u\u010diteljici produ\u017eenog boravka do 20.06.2023. od 11.35 do 15.30 sati.<\/strong><\/p>\n\n\n\n<p><strong>Roditelji koji upisuju djecu u 1. razred dokumentaciju trebaju donijeti na upise 13. i 14.06.2023. od 17 do 19 sati.<\/strong><\/p>\n\n\n\n<p>Rezultati upisa bit \u0107e objavljeni na mre\u017enim stranicama \u0161kole (http:\/\/osnovnaskolakrk.hr\/vrh\/<\/p>\n\n\n\n<p>Podaci dobiveni od roditelja prikupljaju se i obra\u0111uju sukladno s Op\u0107om uredbom o za\u0161titi podataka i Zakonom o\u00a0 provedbi Op\u0107e uredbe o za\u0161titi\u00a0 podataka.<a href=\"http:\/\/osnovnaskolakrk.hr\/krk\/wp-content\/uploads\/OBRAZAC-PRIJAVE-ZA-UPIS-UCENIKA-U-PROGRAM-PRODUZENOG-BORAVKA.docx\">OBRAZAC-PRIJAVE-ZA-UPIS-UCENIKA-U-PROGRAM-PRODUZENOG-BORAVKA<\/a><\/p>\n","protected":false},"excerpt":{"rendered":"<p>Sukladno Odluci o organizaciji i na\u010dinu provedbe programa produ\u017eenog boravka u osnovnim \u0161kolama kojima je Primorsko \u2013 goranska \u017eupanija osniva\u010d, \u0160kolski odbor donio je odluku o novom na\u010dinu upisa u\u010denika od 1. do 4. razreda u program produ\u017eenog boravka O\u0160 \u201eFran Krsto Frankopan\u201c Krk, Podru\u010dne \u0161kole Vrh za \u0161kolsku godinu 2023.\/2024.<\/p>\n","protected":false},"author":1,"featured_media":0,"comment_status":"open","ping_status":"open","sticky":false,"template":"","format":"standard","meta":[],"categories":[1],"tags":[],"_links":{"self":[{"href":"http:\/\/osnovnaskolakrk.hr\/vrh\/index.php?rest_route=\/wp\/v2\/posts\/4696"}],"collection":[{"href":"http:\/\/osnovnaskolakrk.hr\/vrh\/index.php?rest_route=\/wp\/v2\/posts"}],"about":[{"href":"http:\/\/osnovnaskolakrk.hr\/vrh\/index.php?rest_route=\/wp\/v2\/types\/post"}],"author":[{"embeddable":true,"href":"http:\/\/osnovnaskolakrk.hr\/vrh\/index.php?rest_route=\/wp\/v2\/users\/1"}],"replies":[{"embeddable":true,"href":"http:\/\/osnovnaskolakrk.hr\/vrh\/index.php?rest_route=%2Fwp%2Fv2%2Fcomments&post=4696"}],"version-history":[{"count":3,"href":"http:\/\/osnovnaskolakrk.hr\/vrh\/index.php?rest_route=\/wp\/v2\/posts\/4696\/revisions"}],"predecessor-version":[{"id":4699,"href":"http:\/\/osnovnaskolakrk.hr\/vrh\/index.php?rest_route=\/wp\/v2\/posts\/4696\/revisions\/4699"}],"wp:attachment":[{"href":"http:\/\/osnovnaskolakrk.hr\/vrh\/index.php?rest_route=%2Fwp%2Fv2%2Fmedia&parent=4696"}],"wp:term":[{"taxonomy":"category","embeddable":true,"href":"http:\/\/osnovnaskolakrk.hr\/vrh\/index.php?rest_route=%2Fwp%2Fv2%2Fcategories&post=4696"},{"taxonomy":"post_tag","embeddable":true,"href":"http:\/\/osnovnaskolakrk.hr\/vrh\/index.php?rest_route=%2Fwp%2Fv2%2Ftags&post=4696"}],"curies":[{"name":"wp","href":"https:\/\/api.w.org\/{rel}","templated":true}]}}