{"id":4761,"date":"2023-09-26T17:23:37","date_gmt":"2023-09-26T17:23:37","guid":{"rendered":"http:\/\/osnovnaskolakrk.hr\/vrh\/?p=4761"},"modified":"2023-09-26T17:23:37","modified_gmt":"2023-09-26T17:23:37","slug":"krcki-gradonacelnik-posjetio-prvasice-u-krku-i-vrhu-njih-ukupno-70","status":"publish","type":"post","link":"http:\/\/osnovnaskolakrk.hr\/vrh\/?p=4761","title":{"rendered":"Kr\u010dki gradona\u010delnik posjetio prva\u0161i\u0107e u Krku i Vrhu &#8211; njih ukupno 70"},"content":{"rendered":"<div class=\"wp-block-image is-style-default\">\n<figure class=\"alignleft size-full is-resized\"><img loading=\"lazy\" src=\"http:\/\/osnovnaskolakrk.hr\/vrh\/wp-content\/uploads\/29-prvasici_1.jpg\" alt=\"\" class=\"wp-image-4762\" width=\"322\" height=\"214\" srcset=\"http:\/\/osnovnaskolakrk.hr\/vrh\/wp-content\/uploads\/29-prvasici_1.jpg 1024w, http:\/\/osnovnaskolakrk.hr\/vrh\/wp-content\/uploads\/29-prvasici_1-768x512.jpg 768w, http:\/\/osnovnaskolakrk.hr\/vrh\/wp-content\/uploads\/29-prvasici_1-624x416.jpg 624w\" sizes=\"(max-width: 322px) 100vw, 322px\" \/><\/figure><\/div>\n\n\n<p>Prva\u0161i\u0107i Osnovne \u0161kole Fran Krsto Frankopan &#8211; Mati\u010dne \u0161kole Krk i Podru\u010dne \u0161kole Vrh imali su prilike na po\u010detku svog obrazovnog puta osobno se susresti s gradona\u010delnikom\u00a0<strong>Darijem Vasili\u0107em<\/strong>, i to tijekom kratkih dru\u017eenja koja su najprije u kr\u010dkoj, a potom i vr\u0161anskoj \u0161koli prire\u0111ena 21. rujna 2023. godine, tijekom jutarnjih sati.<\/p>\n\n\n\n<!--more-->\n\n\n\n<p>Ovom prigodom najmla\u0111im \u0161kolarcima podijeljen je vrijedan i nadasve prikladan poklon &#8211; edukativna slikovnica Vremenaste pri\u010de: Kaplji\u010dasta, \u010diji tekst potpisuje Zoran Vakula, a ilustracije Nik Titanik. Ova slikovnica dijelom je projekta, tj. serije meteo-slikovnica Vremenaste pri\u010de kojima je cilj mali\u0161anima pribli\u017eiti neke \u010desto spominjane meteorolo\u0161ke termine kako bi kasnije bolje razumjeli i imali koristi od meteorolo\u0161ke informacije, posebice u doba sve o\u010ditijih klimatskih promjena i globalnog zatopljenja. Kaplji\u010dasta je peta od dvanaest ukupno planiranih slikovnica na temu meteorologije, namijenjenih primarno starijim vrti\u0107kim skupinama i ni\u017eim razredima osnovne \u0161kole. Ova zanimljiva publikacija pou\u010dava rosi, rosulji, ki\u0161i i ostalim kaplji\u010dastim oborinama (kako nastaju; koje su kada korisne i \u0161tetne; najve\u0107e godi\u0161nje, mjese\u010dne i dnevne koli\u010dine oborine dosad izmjerene u Hrvatskoj&#8230;), me\u0111utim ne donosi samo uzbudljivu sliko-pri\u010du, ve\u0107 je djelomi\u010dno i bojanka te sadr\u017ei kri\u017ealjku, premetaljke i rebuse.<\/p>\n\n\n\n<p>Osim samog upoznavanja s gradona\u010delnikom, zada\u0107a ovakvih dru\u017eenja, koja su sada ve\u0107 prerasla u tradiciju, jest osim darivanja i potaknuti mali\u0161ane da se u \u0161kolskom okru\u017eenju osje\u0107aju \u0161to ugodnije. Poklon je tako primilo 70 prva\u0161i\u0107a, odnosno njih 53 u Mati\u010dnoj \u0161koli Krk, raspore\u0111enih unutar tri razredna odjeljenja (1.A &#8211; 18 u\u010denika; 1.B &#8211; 18; 1.C &#8211; 17) i 17 u Podru\u010dnoj \u0161koli Vrh, a pomo\u0107 gradona\u010delniku u njihovoj podijeli pru\u017eili su ravnatelj Osnovne \u0161kole Fran Krsto Frankopan&nbsp;<strong>Ser\u0111o Sambili\u0107<\/strong>&nbsp;i&nbsp;<strong>Andreana Gluvakovi\u0107<\/strong>, voditeljica Odsjeka za dru\u0161tvene djelatnosti Grada Krka. Ovo dru\u017eenje, dodatno je za\u010dinjeno pokojim simpati\u010dnim komentarom upu\u0107enim kr\u010dkom gradona\u010delniku koji je prva\u0161i\u0107ima pritom otkrio kako je jedan od klju\u010deva budu\u0107eg uspjeha upravo znati\u017eelja ili otvorenost prema otkrivanju i stjecanju novih znanja i vje\u0161tina. Za uzvrat, najmla\u0111i kr\u010dki \u0161kolarci svoje su goste, kako i prili\u010di dobrim doma\u0107inima, po\u010dastili pjesmom, ali i crte\u017eima koje su kreirali isklju\u010divo za ovu prigodu.<\/p>\n\n\n\n<p>(Izvor i fotografije: Grad Krk)<\/p>\n\n\n\n<p><a href=\"https:\/\/otok-krk.org\/krk\/kr%C4%8Dki-gradonacelnik-posjetio-prvasice-u-krku-i-vrhu-njih-ukupno-70\">https:\/\/otok-krk.org\/krk\/kr%C4%8Dki-gradonacelnik-posjetio-prvasice-u-krku-i-vrhu-njih-ukupno-70<\/a><\/p>\n","protected":false},"excerpt":{"rendered":"<p>Prva\u0161i\u0107i Osnovne \u0161kole Fran Krsto Frankopan &#8211; Mati\u010dne \u0161kole Krk i Podru\u010dne \u0161kole Vrh imali su prilike na po\u010detku svog obrazovnog puta osobno se susresti s gradona\u010delnikom\u00a0Darijem Vasili\u0107em, i to tijekom kratkih dru\u017eenja koja su najprije u kr\u010dkoj, a potom i vr\u0161anskoj \u0161koli prire\u0111ena 21. rujna 2023. godine, tijekom jutarnjih sati.<\/p>\n","protected":false},"author":1,"featured_media":0,"comment_status":"open","ping_status":"open","sticky":false,"template":"","format":"standard","meta":[],"categories":[1],"tags":[],"_links":{"self":[{"href":"http:\/\/osnovnaskolakrk.hr\/vrh\/index.php?rest_route=\/wp\/v2\/posts\/4761"}],"collection":[{"href":"http:\/\/osnovnaskolakrk.hr\/vrh\/index.php?rest_route=\/wp\/v2\/posts"}],"about":[{"href":"http:\/\/osnovnaskolakrk.hr\/vrh\/index.php?rest_route=\/wp\/v2\/types\/post"}],"author":[{"embeddable":true,"href":"http:\/\/osnovnaskolakrk.hr\/vrh\/index.php?rest_route=\/wp\/v2\/users\/1"}],"replies":[{"embeddable":true,"href":"http:\/\/osnovnaskolakrk.hr\/vrh\/index.php?rest_route=%2Fwp%2Fv2%2Fcomments&post=4761"}],"version-history":[{"count":1,"href":"http:\/\/osnovnaskolakrk.hr\/vrh\/index.php?rest_route=\/wp\/v2\/posts\/4761\/revisions"}],"predecessor-version":[{"id":4763,"href":"http:\/\/osnovnaskolakrk.hr\/vrh\/index.php?rest_route=\/wp\/v2\/posts\/4761\/revisions\/4763"}],"wp:attachment":[{"href":"http:\/\/osnovnaskolakrk.hr\/vrh\/index.php?rest_route=%2Fwp%2Fv2%2Fmedia&parent=4761"}],"wp:term":[{"taxonomy":"category","embeddable":true,"href":"http:\/\/osnovnaskolakrk.hr\/vrh\/index.php?rest_route=%2Fwp%2Fv2%2Fcategories&post=4761"},{"taxonomy":"post_tag","embeddable":true,"href":"http:\/\/osnovnaskolakrk.hr\/vrh\/index.php?rest_route=%2Fwp%2Fv2%2Ftags&post=4761"}],"curies":[{"name":"wp","href":"https:\/\/api.w.org\/{rel}","templated":true}]}}