{"id":5114,"date":"2024-06-24T07:09:01","date_gmt":"2024-06-24T07:09:01","guid":{"rendered":"https:\/\/osnovnaskolakrk.hr\/vrh\/?p=5114"},"modified":"2024-06-24T07:09:01","modified_gmt":"2024-06-24T07:09:01","slug":"predstavljanje-glazbene-skole-ivan-matetic-ronjgov","status":"publish","type":"post","link":"http:\/\/osnovnaskolakrk.hr\/vrh\/?p=5114","title":{"rendered":"Predstavljanje Glazbene \u0161kole \u201eIvan Mateti\u0107 Ronjgov\u201c"},"content":{"rendered":"\n<p>U petak, 7. lipnja, na\u0161u su \u0161kolu posjetili glazbenici i u\u010ditelji Glazbene \u0161kole \u201eIvan Mateti\u0107 Ronjgov\u201c koji su sa sobom donijeli razne instrumente, te na\u0161im u\u010denicima razredne nastave izveli mali koncert.<br>S djecom su popri\u010dali o glazbi i instrumentima, te im pokazali i predstavili nekoliko instrumenata: klavir, kontrabas, flautu i klarinet. Za nagradu su zaslu\u017eili veliki pljesak na\u0161ih u\u010denika, a sigurni smo da \u0107e Glazbena \u0161kola postati bogatija za jo\u0161 pokojeg u\u010denika polaznika iz na\u0161e \u0161kole.<\/p>\n\n\n\n<figure class=\"wp-container-2 wp-block-gallery-1 wp-block-gallery has-nested-images columns-default is-cropped\">\n<figure class=\"wp-block-image size-large\"><img loading=\"lazy\" width=\"2560\" height=\"1920\" data-id=\"5116\"  src=\"https:\/\/osnovnaskolakrk.hr\/vrh\/wp-content\/uploads\/20240607_085933-scaled.jpg\" alt=\"\" class=\"wp-image-5116\" srcset=\"http:\/\/osnovnaskolakrk.hr\/vrh\/wp-content\/uploads\/20240607_085933-scaled.jpg 2560w, http:\/\/osnovnaskolakrk.hr\/vrh\/wp-content\/uploads\/20240607_085933-768x576.jpg 768w, http:\/\/osnovnaskolakrk.hr\/vrh\/wp-content\/uploads\/20240607_085933-1536x1152.jpg 1536w, http:\/\/osnovnaskolakrk.hr\/vrh\/wp-content\/uploads\/20240607_085933-2048x1536.jpg 2048w, http:\/\/osnovnaskolakrk.hr\/vrh\/wp-content\/uploads\/20240607_085933-624x468.jpg 624w\" sizes=\"(max-width: 2560px) 100vw, 2560px\" \/><\/figure>\n\n\n\n<figure class=\"wp-block-image size-large\"><img loading=\"lazy\" width=\"2560\" height=\"1920\" data-id=\"5117\"  src=\"https:\/\/osnovnaskolakrk.hr\/vrh\/wp-content\/uploads\/20240607_091523-scaled.jpg\" alt=\"\" class=\"wp-image-5117\" srcset=\"http:\/\/osnovnaskolakrk.hr\/vrh\/wp-content\/uploads\/20240607_091523-scaled.jpg 2560w, http:\/\/osnovnaskolakrk.hr\/vrh\/wp-content\/uploads\/20240607_091523-768x576.jpg 768w, http:\/\/osnovnaskolakrk.hr\/vrh\/wp-content\/uploads\/20240607_091523-1536x1152.jpg 1536w, http:\/\/osnovnaskolakrk.hr\/vrh\/wp-content\/uploads\/20240607_091523-2048x1536.jpg 2048w, http:\/\/osnovnaskolakrk.hr\/vrh\/wp-content\/uploads\/20240607_091523-624x468.jpg 624w\" sizes=\"(max-width: 2560px) 100vw, 2560px\" \/><\/figure>\n\n\n\n<figure class=\"wp-block-image size-large\"><img loading=\"lazy\" width=\"2560\" height=\"1920\" data-id=\"5115\"  src=\"https:\/\/osnovnaskolakrk.hr\/vrh\/wp-content\/uploads\/20240607_091039-scaled.jpg\" alt=\"\" class=\"wp-image-5115\" srcset=\"http:\/\/osnovnaskolakrk.hr\/vrh\/wp-content\/uploads\/20240607_091039-scaled.jpg 2560w, http:\/\/osnovnaskolakrk.hr\/vrh\/wp-content\/uploads\/20240607_091039-768x576.jpg 768w, http:\/\/osnovnaskolakrk.hr\/vrh\/wp-content\/uploads\/20240607_091039-1536x1152.jpg 1536w, http:\/\/osnovnaskolakrk.hr\/vrh\/wp-content\/uploads\/20240607_091039-2048x1536.jpg 2048w, http:\/\/osnovnaskolakrk.hr\/vrh\/wp-content\/uploads\/20240607_091039-624x468.jpg 624w\" sizes=\"(max-width: 2560px) 100vw, 2560px\" \/><\/figure>\n<\/figure>\n","protected":false},"excerpt":{"rendered":"<p>U petak, 7. lipnja, na\u0161u su \u0161kolu posjetili glazbenici i u\u010ditelji Glazbene \u0161kole \u201eIvan Mateti\u0107 Ronjgov\u201c koji su sa sobom donijeli razne instrumente, te na\u0161im u\u010denicima razredne nastave izveli mali koncert.S djecom su popri\u010dali o glazbi i instrumentima, te im pokazali i predstavili nekoliko instrumenata: klavir, kontrabas, flautu i klarinet. Za nagradu su zaslu\u017eili veliki [&hellip;]<\/p>\n","protected":false},"author":1,"featured_media":0,"comment_status":"open","ping_status":"open","sticky":false,"template":"","format":"standard","meta":[],"categories":[1],"tags":[],"_links":{"self":[{"href":"http:\/\/osnovnaskolakrk.hr\/vrh\/index.php?rest_route=\/wp\/v2\/posts\/5114"}],"collection":[{"href":"http:\/\/osnovnaskolakrk.hr\/vrh\/index.php?rest_route=\/wp\/v2\/posts"}],"about":[{"href":"http:\/\/osnovnaskolakrk.hr\/vrh\/index.php?rest_route=\/wp\/v2\/types\/post"}],"author":[{"embeddable":true,"href":"http:\/\/osnovnaskolakrk.hr\/vrh\/index.php?rest_route=\/wp\/v2\/users\/1"}],"replies":[{"embeddable":true,"href":"http:\/\/osnovnaskolakrk.hr\/vrh\/index.php?rest_route=%2Fwp%2Fv2%2Fcomments&post=5114"}],"version-history":[{"count":1,"href":"http:\/\/osnovnaskolakrk.hr\/vrh\/index.php?rest_route=\/wp\/v2\/posts\/5114\/revisions"}],"predecessor-version":[{"id":5118,"href":"http:\/\/osnovnaskolakrk.hr\/vrh\/index.php?rest_route=\/wp\/v2\/posts\/5114\/revisions\/5118"}],"wp:attachment":[{"href":"http:\/\/osnovnaskolakrk.hr\/vrh\/index.php?rest_route=%2Fwp%2Fv2%2Fmedia&parent=5114"}],"wp:term":[{"taxonomy":"category","embeddable":true,"href":"http:\/\/osnovnaskolakrk.hr\/vrh\/index.php?rest_route=%2Fwp%2Fv2%2Fcategories&post=5114"},{"taxonomy":"post_tag","embeddable":true,"href":"http:\/\/osnovnaskolakrk.hr\/vrh\/index.php?rest_route=%2Fwp%2Fv2%2Ftags&post=5114"}],"curies":[{"name":"wp","href":"https:\/\/api.w.org\/{rel}","templated":true}]}}