{"id":5166,"date":"2024-07-16T14:54:45","date_gmt":"2024-07-16T14:54:45","guid":{"rendered":"http:\/\/osnovnaskolakrk.hr\/vrh\/?p=5166"},"modified":"2024-07-16T14:54:45","modified_gmt":"2024-07-16T14:54:45","slug":"produzeni-boravak","status":"publish","type":"post","link":"http:\/\/osnovnaskolakrk.hr\/vrh\/?p=5166","title":{"rendered":"Produ\u017eeni boravak"},"content":{"rendered":"\n<figure class=\"wp-block-image size-full is-style-default\"><img loading=\"lazy\" width=\"453\" height=\"508\" src=\"http:\/\/osnovnaskolakrk.hr\/vrh\/wp-content\/uploads\/pb.jpg\" alt=\"\" class=\"wp-image-5167\"\/><\/figure>\n\n\n\n<p>P<a href=\"http:\/\/osnovnaskolamalinskadubasnica.hr\/wp-content\/uploads\/PB-2024.jpg\" target=\"_blank\" rel=\"noreferrer noopener\"><\/a>o\u0161tovani roditelji,<\/p>\n\n\n\n<p>ovim putem obavje\u0161tavamo vas da su u program produ\u017eenog boravka P\u0160 Vrh primljeni svi u\u010denici prvih, drugih i tre\u0107ih&nbsp; razreda koji su predali Zahtjev za upis u produ\u017eeni boravak i prilo\u017eili tra\u017eenu dokumentaciju do 3.srpnja.<\/p>\n\n\n\n<p>S po\u0161tovanjem,<\/p>\n\n\n\n<p>voditeljica \u0161kole Nina Klobu\u010dar<\/p>\n","protected":false},"excerpt":{"rendered":"<p>Po\u0161tovani roditelji, ovim putem obavje\u0161tavamo vas da su u program produ\u017eenog boravka P\u0160 Vrh primljeni svi u\u010denici prvih, drugih i tre\u0107ih&nbsp; razreda koji su predali Zahtjev za upis u produ\u017eeni boravak i prilo\u017eili tra\u017eenu dokumentaciju do 3.srpnja. S po\u0161tovanjem, voditeljica \u0161kole Nina Klobu\u010dar<\/p>\n","protected":false},"author":1,"featured_media":0,"comment_status":"open","ping_status":"open","sticky":false,"template":"","format":"standard","meta":[],"categories":[1],"tags":[],"_links":{"self":[{"href":"http:\/\/osnovnaskolakrk.hr\/vrh\/index.php?rest_route=\/wp\/v2\/posts\/5166"}],"collection":[{"href":"http:\/\/osnovnaskolakrk.hr\/vrh\/index.php?rest_route=\/wp\/v2\/posts"}],"about":[{"href":"http:\/\/osnovnaskolakrk.hr\/vrh\/index.php?rest_route=\/wp\/v2\/types\/post"}],"author":[{"embeddable":true,"href":"http:\/\/osnovnaskolakrk.hr\/vrh\/index.php?rest_route=\/wp\/v2\/users\/1"}],"replies":[{"embeddable":true,"href":"http:\/\/osnovnaskolakrk.hr\/vrh\/index.php?rest_route=%2Fwp%2Fv2%2Fcomments&post=5166"}],"version-history":[{"count":1,"href":"http:\/\/osnovnaskolakrk.hr\/vrh\/index.php?rest_route=\/wp\/v2\/posts\/5166\/revisions"}],"predecessor-version":[{"id":5168,"href":"http:\/\/osnovnaskolakrk.hr\/vrh\/index.php?rest_route=\/wp\/v2\/posts\/5166\/revisions\/5168"}],"wp:attachment":[{"href":"http:\/\/osnovnaskolakrk.hr\/vrh\/index.php?rest_route=%2Fwp%2Fv2%2Fmedia&parent=5166"}],"wp:term":[{"taxonomy":"category","embeddable":true,"href":"http:\/\/osnovnaskolakrk.hr\/vrh\/index.php?rest_route=%2Fwp%2Fv2%2Fcategories&post=5166"},{"taxonomy":"post_tag","embeddable":true,"href":"http:\/\/osnovnaskolakrk.hr\/vrh\/index.php?rest_route=%2Fwp%2Fv2%2Ftags&post=5166"}],"curies":[{"name":"wp","href":"https:\/\/api.w.org\/{rel}","templated":true}]}}