{"id":5723,"date":"2026-03-09T16:49:38","date_gmt":"2026-03-09T16:49:38","guid":{"rendered":"https:\/\/osnovnaskolakrk.hr\/vrh\/?p=5723"},"modified":"2026-03-09T16:49:38","modified_gmt":"2026-03-09T16:49:38","slug":"ucenice-ps-vrh-prvakinje-primorsko-goranske-zupanije-u-odbojci","status":"publish","type":"post","link":"http:\/\/osnovnaskolakrk.hr\/vrh\/?p=5723","title":{"rendered":"U\u010denice P\u0160 Vrh&nbsp;prvakinje Primorsko-goranske \u017eupanije u odbojci"},"content":{"rendered":"\n<p>U\u010denice P\u0160 Vrh, na\u0161e mini odbojka\u0161ice nastavljaju pisati prekrasnu sportsku pri\u010du!&nbsp;<br>Cijele sezone ostale su nepora\u017eene, a u subotu su to jo\u0161 jednom dokazale na terenu. U polufinalu su svladale ekipu Rijecina rezultatom 2:1, pokazav\u0161i veliku borbenost i timski duh.<br>U finalu ih je \u010dekala prava drama! U napetoj i uzbudljivoj zavr\u0161nici na\u0161e djevoj\u010dice su ponovno pokazale srce i kvalitetu te pobijedile ekipu Kostrena tako\u0111er 2:1.&nbsp;<\/p>\n\n\n\n<p>Ovim sjajnim pobjedama plasirale su se na dr\u017eavno prvenstvo, koje se od 27.-29. o\u017eujka 2026. igra u Zadru. Ovo je velika nagrada za sav trud, rad i zajedni\u0161tvo kroz cijelu sezonu.<br>Bravo djevoj\u010dice, ponosni smo na vas!\u00a0<\/p>\n\n\n\n<figure class=\"wp-block-image size-full\"><img loading=\"lazy\" width=\"1200\" height=\"863\" src=\"https:\/\/osnovnaskolakrk.hr\/vrh\/wp-content\/uploads\/IMG_6822-1.jpeg\" alt=\"\" class=\"wp-image-5726\" srcset=\"http:\/\/osnovnaskolakrk.hr\/vrh\/wp-content\/uploads\/IMG_6822-1.jpeg 1200w, http:\/\/osnovnaskolakrk.hr\/vrh\/wp-content\/uploads\/IMG_6822-1-768x552.jpeg 768w, http:\/\/osnovnaskolakrk.hr\/vrh\/wp-content\/uploads\/IMG_6822-1-624x449.jpeg 624w\" sizes=\"(max-width: 1200px) 100vw, 1200px\" \/><\/figure>\n\n\n\n<figure class=\"wp-block-image size-full is-resized\"><img loading=\"lazy\" src=\"https:\/\/osnovnaskolakrk.hr\/vrh\/wp-content\/uploads\/IMG_6821.jpeg\" alt=\"\" class=\"wp-image-5725\" width=\"632\" height=\"474\" srcset=\"http:\/\/osnovnaskolakrk.hr\/vrh\/wp-content\/uploads\/IMG_6821.jpeg 1600w, http:\/\/osnovnaskolakrk.hr\/vrh\/wp-content\/uploads\/IMG_6821-768x576.jpeg 768w, http:\/\/osnovnaskolakrk.hr\/vrh\/wp-content\/uploads\/IMG_6821-1536x1152.jpeg 1536w, http:\/\/osnovnaskolakrk.hr\/vrh\/wp-content\/uploads\/IMG_6821-624x468.jpeg 624w\" sizes=\"(max-width: 632px) 100vw, 632px\" \/><\/figure>\n","protected":false},"excerpt":{"rendered":"<p>U\u010denice P\u0160 Vrh, na\u0161e mini odbojka\u0161ice nastavljaju pisati prekrasnu sportsku pri\u010du!&nbsp;Cijele sezone ostale su nepora\u017eene, a u subotu su to jo\u0161 jednom dokazale na terenu. U polufinalu su svladale ekipu Rijecina rezultatom 2:1, pokazav\u0161i veliku borbenost i timski duh.U finalu ih je \u010dekala prava drama! U napetoj i uzbudljivoj zavr\u0161nici na\u0161e djevoj\u010dice su ponovno pokazale [&hellip;]<\/p>\n","protected":false},"author":1,"featured_media":0,"comment_status":"open","ping_status":"open","sticky":false,"template":"","format":"standard","meta":[],"categories":[1],"tags":[],"_links":{"self":[{"href":"http:\/\/osnovnaskolakrk.hr\/vrh\/index.php?rest_route=\/wp\/v2\/posts\/5723"}],"collection":[{"href":"http:\/\/osnovnaskolakrk.hr\/vrh\/index.php?rest_route=\/wp\/v2\/posts"}],"about":[{"href":"http:\/\/osnovnaskolakrk.hr\/vrh\/index.php?rest_route=\/wp\/v2\/types\/post"}],"author":[{"embeddable":true,"href":"http:\/\/osnovnaskolakrk.hr\/vrh\/index.php?rest_route=\/wp\/v2\/users\/1"}],"replies":[{"embeddable":true,"href":"http:\/\/osnovnaskolakrk.hr\/vrh\/index.php?rest_route=%2Fwp%2Fv2%2Fcomments&post=5723"}],"version-history":[{"count":1,"href":"http:\/\/osnovnaskolakrk.hr\/vrh\/index.php?rest_route=\/wp\/v2\/posts\/5723\/revisions"}],"predecessor-version":[{"id":5727,"href":"http:\/\/osnovnaskolakrk.hr\/vrh\/index.php?rest_route=\/wp\/v2\/posts\/5723\/revisions\/5727"}],"wp:attachment":[{"href":"http:\/\/osnovnaskolakrk.hr\/vrh\/index.php?rest_route=%2Fwp%2Fv2%2Fmedia&parent=5723"}],"wp:term":[{"taxonomy":"category","embeddable":true,"href":"http:\/\/osnovnaskolakrk.hr\/vrh\/index.php?rest_route=%2Fwp%2Fv2%2Fcategories&post=5723"},{"taxonomy":"post_tag","embeddable":true,"href":"http:\/\/osnovnaskolakrk.hr\/vrh\/index.php?rest_route=%2Fwp%2Fv2%2Ftags&post=5723"}],"curies":[{"name":"wp","href":"https:\/\/api.w.org\/{rel}","templated":true}]}}