{"id":700,"date":"2014-10-21T12:38:52","date_gmt":"2014-10-21T12:38:52","guid":{"rendered":"http:\/\/osnovnaskolakrk.hr\/vrh\/?p=700"},"modified":"2014-10-24T08:02:40","modified_gmt":"2014-10-24T08:02:40","slug":"dani-kruha-i-plodova-zemlje-u-ps-vrh","status":"publish","type":"post","link":"http:\/\/osnovnaskolakrk.hr\/vrh\/?p=700","title":{"rendered":"Dani kruha i plodova zemlje u P\u0160 Vrh"},"content":{"rendered":"<p><a href=\"http:\/\/osnovnaskolakrk.hr\/vrh\/wp-content\/uploads\/dani_k3.jpg\"><img loading=\"lazy\" class=\"wp-image-701 size-thumbnail alignleft\" src=\"http:\/\/osnovnaskolakrk.hr\/vrh\/wp-content\/uploads\/dani_k3-150x150.jpg\" alt=\"dani_k3\" width=\"150\" height=\"150\" \/><\/a>U ponedjeljak 20. listopada 2014. u u\u010dionici tre\u0107eg razreda 5. \u0161kolski sat u\u010denici mla\u0111ih razreda sa svojim su u\u010diteljicama kratkom priredbom obilje\u017eili Dane kruha i plodova zemlje.<\/p>\n<p>Priredbu je kratkim uvodom otvorila u\u010diteljica Ana Magli\u0107. Prvi su nastupili u\u010denici \u010detvrtog razreda koji su nam pro\u010ditali sastavke o korisnim \u017eitaricama. Zatim su na scenu do\u0161li u\u010denici tre\u0107eg razreda koji su svih upoznali s time kako nastaje kruh. U\u010denici drugog razreda bili su na izletu u Vrbniku pa su pro\u010ditali svoje sastavke koji su govorili o posjetu pekari Vrbnik. Slijedio je igrokaz mla\u0111e dramske grupe po naslovu <em>Kruh, kru\u0161\u010di\u0107<\/em> koji je bio pou\u010dan i humoristi\u010dan. Priredbu su pjesmom zavr\u0161ili prva\u0161i\u0107i, a onda smo se svi po\u010dastili slasticama od kruha.<\/p>\n<p>Bilo nam je lijepo zanimljivo i iznad svega jako, jako ukusno!<\/p>\n<p><em>U\u010denici P\u0160 Vrh<\/em><\/p>\n<p>galerija:[huge_it_gallery id=&#8221;3&#8243;]<\/p>\n","protected":false},"excerpt":{"rendered":"<p>U ponedjeljak 20. listopada 2014. u u\u010dionici tre\u0107eg razreda 5. \u0161kolski sat u\u010denici mla\u0111ih razreda sa svojim su u\u010diteljicama kratkom priredbom obilje\u017eili Dane kruha i plodova zemlje. Priredbu je kratkim uvodom otvorila u\u010diteljica Ana Magli\u0107. Prvi su nastupili u\u010denici \u010detvrtog razreda koji su nam pro\u010ditali sastavke o korisnim \u017eitaricama. Zatim su na scenu do\u0161li u\u010denici [&hellip;]<\/p>\n","protected":false},"author":1,"featured_media":0,"comment_status":"open","ping_status":"open","sticky":false,"template":"","format":"standard","meta":[],"categories":[1],"tags":[],"_links":{"self":[{"href":"http:\/\/osnovnaskolakrk.hr\/vrh\/index.php?rest_route=\/wp\/v2\/posts\/700"}],"collection":[{"href":"http:\/\/osnovnaskolakrk.hr\/vrh\/index.php?rest_route=\/wp\/v2\/posts"}],"about":[{"href":"http:\/\/osnovnaskolakrk.hr\/vrh\/index.php?rest_route=\/wp\/v2\/types\/post"}],"author":[{"embeddable":true,"href":"http:\/\/osnovnaskolakrk.hr\/vrh\/index.php?rest_route=\/wp\/v2\/users\/1"}],"replies":[{"embeddable":true,"href":"http:\/\/osnovnaskolakrk.hr\/vrh\/index.php?rest_route=%2Fwp%2Fv2%2Fcomments&post=700"}],"version-history":[{"count":5,"href":"http:\/\/osnovnaskolakrk.hr\/vrh\/index.php?rest_route=\/wp\/v2\/posts\/700\/revisions"}],"predecessor-version":[{"id":719,"href":"http:\/\/osnovnaskolakrk.hr\/vrh\/index.php?rest_route=\/wp\/v2\/posts\/700\/revisions\/719"}],"wp:attachment":[{"href":"http:\/\/osnovnaskolakrk.hr\/vrh\/index.php?rest_route=%2Fwp%2Fv2%2Fmedia&parent=700"}],"wp:term":[{"taxonomy":"category","embeddable":true,"href":"http:\/\/osnovnaskolakrk.hr\/vrh\/index.php?rest_route=%2Fwp%2Fv2%2Fcategories&post=700"},{"taxonomy":"post_tag","embeddable":true,"href":"http:\/\/osnovnaskolakrk.hr\/vrh\/index.php?rest_route=%2Fwp%2Fv2%2Ftags&post=700"}],"curies":[{"name":"wp","href":"https:\/\/api.w.org\/{rel}","templated":true}]}}