{"id":920,"date":"2015-10-02T07:02:01","date_gmt":"2015-10-02T07:02:01","guid":{"rendered":"http:\/\/osnovnaskolakrk.hr\/vrh\/?p=920"},"modified":"2015-10-02T07:12:17","modified_gmt":"2015-10-02T07:12:17","slug":"predstava-mrav-mrav-mrav-i-cvrcak","status":"publish","type":"post","link":"http:\/\/osnovnaskolakrk.hr\/vrh\/?p=920","title":{"rendered":"Predstava Mrav, mrav, mrav i cvr\u010dak"},"content":{"rendered":"<p><a href=\"http:\/\/osnovnaskolakrk.hr\/vrh\/wp-content\/uploads\/Mrav-i-cvr\u010dak.jpg\"><img loading=\"lazy\" class=\"size-thumbnail wp-image-925 alignleft\" src=\"http:\/\/osnovnaskolakrk.hr\/vrh\/wp-content\/uploads\/Mrav-i-cvr\u010dak-150x150.jpg\" alt=\"Mrav i cvr\u010dak\" width=\"150\" height=\"150\" \/><\/a>Dana 1. 10. U\u010denici od 1. &#8211; 4. razreda, P\u0160 Vrh imali su priliku pogledati predstavu &#8220;<strong>Mrav,mrav,mrav,i cvr\u010dak&#8221;.<\/strong><\/p>\n<p>&#8220;Mrav, mrav, mrav i cvr\u010dak&#8221; duhovita je i dinami\u010dna glazbeno &#8211; edukativna predstava za djecu teatra Oz, nastala na temelju jedne od najpoznatijih Ezopovih basni &#8220;Cvr\u010dak i mrav&#8221;.<\/p>\n<p>Djeca imaju priliku pratiti \u017eivot mrava kroz razli\u010dita godi\u0161nja doba, koji se, za razliku od Cvr\u010dka, spremaju za dugu zimu, dok Cvr\u010dak samo svira po cijele dane. \u0160to \u0107e se dogoditi s Cvr\u010dkom kad do\u0111e zima, saznat \u0107ete u predstavi koja nas u\u010di da moramo biti vrijedni, radi\u0161ni i marljivi poput mrava, ali ponekad i bezbri\u017eni poput cvr\u010daka. Trebamo prihvatiti jedni druge u svojim razli\u010ditostima i tako kreirati su\u017eivotu.<br \/>\nPredstavu prati glazba i pjesma koja se izvodi u\u017eivo, te djeca imaju priliku upoznati saksofon kroz razli\u010dite glazbene \u017eanrove.<\/p>\n<p>Predstava je poklon Grada Krka povodom po\u010detka \u0161kolske godine.<\/p>\n<p>Hvala teatru Oz\u00a0i Gradu Krku.<\/p>\n<p>[huge_it_gallery id=&#8221;10&#8243;]<\/p>\n<p>&nbsp;<\/p>\n<p>&nbsp;<\/p>\n","protected":false},"excerpt":{"rendered":"<p>Dana 1. 10. U\u010denici od 1. &#8211; 4. razreda, P\u0160 Vrh imali su priliku pogledati predstavu &#8220;Mrav,mrav,mrav,i cvr\u010dak&#8221;. &#8220;Mrav, mrav, mrav i cvr\u010dak&#8221; duhovita je i dinami\u010dna glazbeno &#8211; edukativna predstava za djecu teatra Oz, nastala na temelju jedne od najpoznatijih Ezopovih basni &#8220;Cvr\u010dak i mrav&#8221;. Djeca imaju priliku pratiti \u017eivot mrava kroz razli\u010dita godi\u0161nja [&hellip;]<\/p>\n","protected":false},"author":1,"featured_media":0,"comment_status":"open","ping_status":"open","sticky":false,"template":"","format":"standard","meta":[],"categories":[1],"tags":[],"_links":{"self":[{"href":"http:\/\/osnovnaskolakrk.hr\/vrh\/index.php?rest_route=\/wp\/v2\/posts\/920"}],"collection":[{"href":"http:\/\/osnovnaskolakrk.hr\/vrh\/index.php?rest_route=\/wp\/v2\/posts"}],"about":[{"href":"http:\/\/osnovnaskolakrk.hr\/vrh\/index.php?rest_route=\/wp\/v2\/types\/post"}],"author":[{"embeddable":true,"href":"http:\/\/osnovnaskolakrk.hr\/vrh\/index.php?rest_route=\/wp\/v2\/users\/1"}],"replies":[{"embeddable":true,"href":"http:\/\/osnovnaskolakrk.hr\/vrh\/index.php?rest_route=%2Fwp%2Fv2%2Fcomments&post=920"}],"version-history":[{"count":5,"href":"http:\/\/osnovnaskolakrk.hr\/vrh\/index.php?rest_route=\/wp\/v2\/posts\/920\/revisions"}],"predecessor-version":[{"id":930,"href":"http:\/\/osnovnaskolakrk.hr\/vrh\/index.php?rest_route=\/wp\/v2\/posts\/920\/revisions\/930"}],"wp:attachment":[{"href":"http:\/\/osnovnaskolakrk.hr\/vrh\/index.php?rest_route=%2Fwp%2Fv2%2Fmedia&parent=920"}],"wp:term":[{"taxonomy":"category","embeddable":true,"href":"http:\/\/osnovnaskolakrk.hr\/vrh\/index.php?rest_route=%2Fwp%2Fv2%2Fcategories&post=920"},{"taxonomy":"post_tag","embeddable":true,"href":"http:\/\/osnovnaskolakrk.hr\/vrh\/index.php?rest_route=%2Fwp%2Fv2%2Ftags&post=920"}],"curies":[{"name":"wp","href":"https:\/\/api.w.org\/{rel}","templated":true}]}}