{"id":978,"date":"2015-10-19T09:04:41","date_gmt":"2015-10-19T09:04:41","guid":{"rendered":"http:\/\/osnovnaskolakrk.hr\/vrh\/?p=978"},"modified":"2015-10-19T09:21:31","modified_gmt":"2015-10-19T09:21:31","slug":"mjesec-hrvatske-knjige-15-10-15-11-2015","status":"publish","type":"post","link":"http:\/\/osnovnaskolakrk.hr\/vrh\/?p=978","title":{"rendered":"MJESEC HRVATSKE KNJIGE  (15.10. &#8211; 15.11. 2015.)"},"content":{"rendered":"<p>S obzirom na po\u010detak najva\u017enijeg mjeseca u na\u0161oj knji\u017enici pod nazivom \u201eMjesec hrvatske knjige\u201c, odlu\u010dili smo iznijeti nekoliko op\u0107enitih informacija o navedenoj manifestaciji.<\/p>\n<p><a href=\"http:\/\/osnovnaskolakrk.hr\/vrh\/wp-content\/uploads\/mjesec-hrvatskeknjige.pdf\">mjesec hrvatskeknjige<\/a><\/p>\n<p>[huge_it_gallery id=&#8221;14&#8243;]<\/p>\n","protected":false},"excerpt":{"rendered":"<p>S obzirom na po\u010detak najva\u017enijeg mjeseca u na\u0161oj knji\u017enici pod nazivom \u201eMjesec hrvatske knjige\u201c, odlu\u010dili smo iznijeti nekoliko op\u0107enitih informacija o navedenoj manifestaciji. mjesec hrvatskeknjige [huge_it_gallery id=&#8221;14&#8243;]<\/p>\n","protected":false},"author":1,"featured_media":0,"comment_status":"open","ping_status":"open","sticky":false,"template":"","format":"standard","meta":[],"categories":[1],"tags":[],"_links":{"self":[{"href":"http:\/\/osnovnaskolakrk.hr\/vrh\/index.php?rest_route=\/wp\/v2\/posts\/978"}],"collection":[{"href":"http:\/\/osnovnaskolakrk.hr\/vrh\/index.php?rest_route=\/wp\/v2\/posts"}],"about":[{"href":"http:\/\/osnovnaskolakrk.hr\/vrh\/index.php?rest_route=\/wp\/v2\/types\/post"}],"author":[{"embeddable":true,"href":"http:\/\/osnovnaskolakrk.hr\/vrh\/index.php?rest_route=\/wp\/v2\/users\/1"}],"replies":[{"embeddable":true,"href":"http:\/\/osnovnaskolakrk.hr\/vrh\/index.php?rest_route=%2Fwp%2Fv2%2Fcomments&post=978"}],"version-history":[{"count":2,"href":"http:\/\/osnovnaskolakrk.hr\/vrh\/index.php?rest_route=\/wp\/v2\/posts\/978\/revisions"}],"predecessor-version":[{"id":988,"href":"http:\/\/osnovnaskolakrk.hr\/vrh\/index.php?rest_route=\/wp\/v2\/posts\/978\/revisions\/988"}],"wp:attachment":[{"href":"http:\/\/osnovnaskolakrk.hr\/vrh\/index.php?rest_route=%2Fwp%2Fv2%2Fmedia&parent=978"}],"wp:term":[{"taxonomy":"category","embeddable":true,"href":"http:\/\/osnovnaskolakrk.hr\/vrh\/index.php?rest_route=%2Fwp%2Fv2%2Fcategories&post=978"},{"taxonomy":"post_tag","embeddable":true,"href":"http:\/\/osnovnaskolakrk.hr\/vrh\/index.php?rest_route=%2Fwp%2Fv2%2Ftags&post=978"}],"curies":[{"name":"wp","href":"https:\/\/api.w.org\/{rel}","templated":true}]}}