{"id":7521,"date":"2022-02-18T12:23:57","date_gmt":"2022-02-18T12:23:57","guid":{"rendered":"http:\/\/osnovnaskolakrk.hr\/vrbnik\/?p=7521"},"modified":"2022-02-18T12:23:57","modified_gmt":"2022-02-18T12:23:57","slug":"rijeka-psihologije-u-podrucnoj-skoli-vrbnik","status":"publish","type":"post","link":"https:\/\/osnovnaskolakrk.hr\/vrbnik\/rijeka-psihologije-u-podrucnoj-skoli-vrbnik\/","title":{"rendered":"Rijeka psihologije u Podru\u010dnoj \u0161koli Vrbnik"},"content":{"rendered":"<p style=\"text-align: justify;\"><img loading=\"lazy\" decoding=\"async\" class=\"aligncenter size-full wp-image-7522\" src=\"http:\/\/osnovnaskolakrk.hr\/vrbnik\/wp-content\/uploads\/2022\/02\/Rijeka-psihologije.jpg\" alt=\"\" width=\"1882\" height=\"622\" srcset=\"https:\/\/osnovnaskolakrk.hr\/vrbnik\/wp-content\/uploads\/2022\/02\/Rijeka-psihologije.jpg 1882w, https:\/\/osnovnaskolakrk.hr\/vrbnik\/wp-content\/uploads\/2022\/02\/Rijeka-psihologije-768x254.jpg 768w, https:\/\/osnovnaskolakrk.hr\/vrbnik\/wp-content\/uploads\/2022\/02\/Rijeka-psihologije-624x206.jpg 624w\" sizes=\"auto, (max-width: 1882px) 100vw, 1882px\" \/>U Hrvatskoj se u velja\u010di ve\u0107 tradicionalno obilje\u017eava Tjedan psihologije, manifestacija koja za cilj ima predstavljanje psihologije \u0161iroj zajednici i ukazivanje na mogu\u0107nosti pobolj\u0161anja kvalitete \u017eivota pojedinaca i zajednice.<\/p>\n<p style=\"text-align: justify;\"><!--more--><\/p>\n<p style=\"text-align: justify;\">Ove godine, od 14. do 20. velja\u010de, obilje\u017eava se 15. po redu Tjedan psihologije. U okviru ovog tjedna na podru\u010dju Rijeke i okolice odr\u017eava se <em>Rijeka psihologije<\/em>. Manifestacija je to koja okuplja psihologe i sve zaljubljenike u psihologiju s ciljem popularizacije psihologije i promicanja njenog polo\u017eaja u dru\u0161tvu.<\/p>\n<p style=\"text-align: justify;\">\u0160kolske psihologinje Danijela \u0160ekuljica i Iva \u017du\u017ei\u0107 i ove su godine aktivno sudjelovale u Tjednu psihologije, odr\u017eav\u0161i radionice za u\u010denike mati\u010dne i podru\u010dnih \u0161kola. Tako je u Podru\u010dnoj \u0161koli Vrbnik \u0161kolska psihologinja Iva \u017du\u017ei\u0107 odr\u017eala radionicu za u\u010denike 3. razreda pod nazivom \u201eHrabar kao lav, mudar kao knjiga\u201c, usmjerenu na ja\u010danje i poticanje razvoja pozitivne slike o sebi, kao va\u017enom za\u0161titnom \u010dimbeniku o\u010duvanja mentalnog zdravlja.<\/p>\n<p style=\"text-align: justify;\">U galeriji donosimo nekoliko fotografija s radionice te letak o obilje\u017eavanju Tjedna psihologije u na\u0161oj \u0160koli.<\/p>\n<p style=\"text-align: right;\">Iva \u017du\u017ei\u0107, \u0161kolska psihologinja<\/p>\n\n\t\t<style type=\"text\/css\">\n\t\t\t#gallery-1 {\n\t\t\t\tmargin: auto;\n\t\t\t}\n\t\t\t#gallery-1 .gallery-item {\n\t\t\t\tfloat: left;\n\t\t\t\tmargin-top: 10px;\n\t\t\t\ttext-align: center;\n\t\t\t\twidth: 33%;\n\t\t\t}\n\t\t\t#gallery-1 img {\n\t\t\t\tborder: 2px solid #cfcfcf;\n\t\t\t}\n\t\t\t#gallery-1 .gallery-caption {\n\t\t\t\tmargin-left: 0;\n\t\t\t}\n\t\t\t\/* see gallery_shortcode() in wp-includes\/media.php *\/\n\t\t<\/style>\n\t\t<div id='gallery-1' class='gallery galleryid-7521 gallery-columns-3 gallery-size-thumbnail'><dl class='gallery-item'>\n\t\t\t<dt class='gallery-icon portrait'>\n\t\t\t\t<a href='https:\/\/osnovnaskolakrk.hr\/vrbnik\/wp-content\/uploads\/2022\/02\/Slika-1.jpg' title=\"\" data-rl_title=\"\" class=\"rl-gallery-link\" data-rl_caption=\"\" data-rel=\"lightbox-gallery-1\"><img loading=\"lazy\" decoding=\"async\" width=\"150\" height=\"150\" src=\"https:\/\/osnovnaskolakrk.hr\/vrbnik\/wp-content\/uploads\/2022\/02\/Slika-1-150x150.jpg\" class=\"attachment-thumbnail size-thumbnail\" alt=\"\" \/><\/a>\n\t\t\t<\/dt><\/dl><dl class='gallery-item'>\n\t\t\t<dt class='gallery-icon landscape'>\n\t\t\t\t<a href='https:\/\/osnovnaskolakrk.hr\/vrbnik\/wp-content\/uploads\/2022\/02\/Slika-2.jpg' title=\"\" data-rl_title=\"\" class=\"rl-gallery-link\" data-rl_caption=\"\" data-rel=\"lightbox-gallery-1\"><img loading=\"lazy\" decoding=\"async\" width=\"150\" height=\"150\" src=\"https:\/\/osnovnaskolakrk.hr\/vrbnik\/wp-content\/uploads\/2022\/02\/Slika-2-150x150.jpg\" class=\"attachment-thumbnail size-thumbnail\" alt=\"\" \/><\/a>\n\t\t\t<\/dt><\/dl><dl class='gallery-item'>\n\t\t\t<dt class='gallery-icon landscape'>\n\t\t\t\t<a href='https:\/\/osnovnaskolakrk.hr\/vrbnik\/wp-content\/uploads\/2022\/02\/Slika-4.jpg' title=\"\" data-rl_title=\"\" class=\"rl-gallery-link\" data-rl_caption=\"\" data-rel=\"lightbox-gallery-1\"><img loading=\"lazy\" decoding=\"async\" width=\"150\" height=\"150\" src=\"https:\/\/osnovnaskolakrk.hr\/vrbnik\/wp-content\/uploads\/2022\/02\/Slika-4-150x150.jpg\" class=\"attachment-thumbnail size-thumbnail\" alt=\"\" \/><\/a>\n\t\t\t<\/dt><\/dl><br style=\"clear: both\" \/><dl class='gallery-item'>\n\t\t\t<dt class='gallery-icon landscape'>\n\t\t\t\t<a href='https:\/\/osnovnaskolakrk.hr\/vrbnik\/wp-content\/uploads\/2022\/02\/Slika-5.jpg' title=\"\" data-rl_title=\"\" class=\"rl-gallery-link\" data-rl_caption=\"\" data-rel=\"lightbox-gallery-1\"><img loading=\"lazy\" decoding=\"async\" width=\"150\" height=\"150\" src=\"https:\/\/osnovnaskolakrk.hr\/vrbnik\/wp-content\/uploads\/2022\/02\/Slika-5-150x150.jpg\" class=\"attachment-thumbnail size-thumbnail\" alt=\"\" \/><\/a>\n\t\t\t<\/dt><\/dl><dl class='gallery-item'>\n\t\t\t<dt class='gallery-icon portrait'>\n\t\t\t\t<a href='https:\/\/osnovnaskolakrk.hr\/vrbnik\/wp-content\/uploads\/2022\/02\/Tjedan-psihologije-letak.png' title=\"\" data-rl_title=\"\" class=\"rl-gallery-link\" data-rl_caption=\"\" data-rel=\"lightbox-gallery-1\"><img loading=\"lazy\" decoding=\"async\" width=\"150\" height=\"150\" src=\"https:\/\/osnovnaskolakrk.hr\/vrbnik\/wp-content\/uploads\/2022\/02\/Tjedan-psihologije-letak-150x150.png\" class=\"attachment-thumbnail size-thumbnail\" alt=\"\" \/><\/a>\n\t\t\t<\/dt><\/dl>\n\t\t\t<br style='clear: both' \/>\n\t\t<\/div>\n\n","protected":false},"excerpt":{"rendered":"<p>U Hrvatskoj se u velja\u010di ve\u0107 tradicionalno obilje\u017eava Tjedan psihologije, manifestacija koja za cilj ima predstavljanje psihologije \u0161iroj zajednici i ukazivanje na mogu\u0107nosti pobolj\u0161anja kvalitete \u017eivota pojedinaca i zajednice.<\/p>\n","protected":false},"author":3,"featured_media":0,"comment_status":"open","ping_status":"closed","sticky":false,"template":"","format":"standard","meta":{"footnotes":""},"categories":[1],"tags":[],"class_list":["post-7521","post","type-post","status-publish","format-standard","hentry","category-nekategorizirano"],"_links":{"self":[{"href":"https:\/\/osnovnaskolakrk.hr\/vrbnik\/wp-json\/wp\/v2\/posts\/7521","targetHints":{"allow":["GET"]}}],"collection":[{"href":"https:\/\/osnovnaskolakrk.hr\/vrbnik\/wp-json\/wp\/v2\/posts"}],"about":[{"href":"https:\/\/osnovnaskolakrk.hr\/vrbnik\/wp-json\/wp\/v2\/types\/post"}],"author":[{"embeddable":true,"href":"https:\/\/osnovnaskolakrk.hr\/vrbnik\/wp-json\/wp\/v2\/users\/3"}],"replies":[{"embeddable":true,"href":"https:\/\/osnovnaskolakrk.hr\/vrbnik\/wp-json\/wp\/v2\/comments?post=7521"}],"version-history":[{"count":1,"href":"https:\/\/osnovnaskolakrk.hr\/vrbnik\/wp-json\/wp\/v2\/posts\/7521\/revisions"}],"predecessor-version":[{"id":7528,"href":"https:\/\/osnovnaskolakrk.hr\/vrbnik\/wp-json\/wp\/v2\/posts\/7521\/revisions\/7528"}],"wp:attachment":[{"href":"https:\/\/osnovnaskolakrk.hr\/vrbnik\/wp-json\/wp\/v2\/media?parent=7521"}],"wp:term":[{"taxonomy":"category","embeddable":true,"href":"https:\/\/osnovnaskolakrk.hr\/vrbnik\/wp-json\/wp\/v2\/categories?post=7521"},{"taxonomy":"post_tag","embeddable":true,"href":"https:\/\/osnovnaskolakrk.hr\/vrbnik\/wp-json\/wp\/v2\/tags?post=7521"}],"curies":[{"name":"wp","href":"https:\/\/api.w.org\/{rel}","templated":true}]}}